{"id":15300,"date":"2026-04-30T10:17:48","date_gmt":"2026-04-30T08:17:48","guid":{"rendered":"https:\/\/familienhoerbuch.de\/?p=15300"},"modified":"2026-04-30T10:17:49","modified_gmt":"2026-04-30T08:17:49","slug":"interview-im-fachmagazin","status":"publish","type":"post","link":"https:\/\/familienhoerbuch.de\/fr\/interview-im-fachmagazin\/","title":{"rendered":"Interview im Fachmagazin"},"content":{"rendered":"<p>Die April-Ausgabe von HEALTHCARE MARKETING h\u00e4lt auf den Seiten 40 und 41 einen Artikel \u00fcber die Familienh\u00f6rbuch gGmbH bereit, inklusive Interview mit Carmen Dreyer, die f\u00fcr die Gesamtkommunikation des Sozialunternehmens zust\u00e4ndig ist.<\/p>\n\n\n\n<p><a href=\"https:\/\/www.healthcaremarketing.eu\/_rubric\/index.php?rubric=%DCber+uns\">Mehr \u00fcber das Magazin und das Team dahinter<\/a><\/p>","protected":false},"excerpt":{"rendered":"<p>Die April-Ausgabe von HEALTHCARE MARKETING h\u00e4lt auf den Seiten 40 und 41 einen Artikel \u00fcber die Familienh\u00f6rbuch gGmbH bereit, inklusive Interview mit Carmen Dreyer, die f\u00fcr die Gesamtkommunikation des Sozialunternehmens zust\u00e4ndig ist. Mehr \u00fcber das Magazin und das Team dahinter<\/p>","protected":false},"author":3,"featured_media":15302,"comment_status":"closed","ping_status":"closed","sticky":false,"template":"","format":"standard","meta":{"_acf_changed":false,"footnotes":""},"categories":[12],"tags":[413,559,638,640,100,139,639],"class_list":["post-15300","post","type-post","status-publish","format-standard","has-post-thumbnail","hentry","category-news","tag-anna-jaeger","tag-carmen-dreyer","tag-fachmedium","tag-healthcare","tag-interview","tag-magazin","tag-marketing"],"acf":[],"_links":{"self":[{"href":"https:\/\/familienhoerbuch.de\/fr\/wp-json\/wp\/v2\/posts\/15300","targetHints":{"allow":["GET"]}}],"collection":[{"href":"https:\/\/familienhoerbuch.de\/fr\/wp-json\/wp\/v2\/posts"}],"about":[{"href":"https:\/\/familienhoerbuch.de\/fr\/wp-json\/wp\/v2\/types\/post"}],"author":[{"embeddable":true,"href":"https:\/\/familienhoerbuch.de\/fr\/wp-json\/wp\/v2\/users\/3"}],"replies":[{"embeddable":true,"href":"https:\/\/familienhoerbuch.de\/fr\/wp-json\/wp\/v2\/comments?post=15300"}],"version-history":[{"count":1,"href":"https:\/\/familienhoerbuch.de\/fr\/wp-json\/wp\/v2\/posts\/15300\/revisions"}],"predecessor-version":[{"id":15303,"href":"https:\/\/familienhoerbuch.de\/fr\/wp-json\/wp\/v2\/posts\/15300\/revisions\/15303"}],"wp:featuredmedia":[{"embeddable":true,"href":"https:\/\/familienhoerbuch.de\/fr\/wp-json\/wp\/v2\/media\/15302"}],"wp:attachment":[{"href":"https:\/\/familienhoerbuch.de\/fr\/wp-json\/wp\/v2\/media?parent=15300"}],"wp:term":[{"taxonomy":"category","embeddable":true,"href":"https:\/\/familienhoerbuch.de\/fr\/wp-json\/wp\/v2\/categories?post=15300"},{"taxonomy":"post_tag","embeddable":true,"href":"https:\/\/familienhoerbuch.de\/fr\/wp-json\/wp\/v2\/tags?post=15300"}],"curies":[{"name":"wp","href":"https:\/\/api.w.org\/{rel}","templated":true}]}}