{"id":9947,"date":"2025-03-26T10:48:54","date_gmt":"2025-03-26T09:48:54","guid":{"rendered":"https:\/\/familienhoerbuch.de\/?p=9947"},"modified":"2025-05-05T14:07:29","modified_gmt":"2025-05-05T12:07:29","slug":"koelner-innenstadtwache-spendet","status":"publish","type":"post","link":"https:\/\/familienhoerbuch.de\/en\/koelner-innenstadtwache-spendet\/","title":{"rendered":"K\u00f6lner Innenstadtwache spendet"},"content":{"rendered":"<p>1.000 Euro f\u00fcr einen guten Zweck kamen dank der Beamten der Innenstadtwache K\u00f6ln zusammen. Urspr\u00fcnglich wollte der Initiator (Polizeikommissar Alex L.) die Spendensumme der ehrenamtlichen Arbeit von <a href=\"https:\/\/www.instagram.com\/don.ro\/?hl=de\">Don Rohde<\/a> (Kollege im Ruhestand) zukommen lassen. Dieser regte stattdessen an, dass das Familienh\u00f6rbuch davon profitieren darf. <\/p>\n\n\n\n<p>Auf dem Foto zu sehen: Familienh\u00f6rbuch-Gr\u00fcnderin Judith Gr\u00fcmmer, flankiert von Don (re), Polizeidirektor Gregor Eisenmann, Leiter der Polizeiinspektion 1, sowie Initiator Alex.<\/p>\n\n\n\n<p><\/p>","protected":false},"excerpt":{"rendered":"<p>1.000 Euro f\u00fcr einen guten Zweck kamen dank der Beamten der Innenstadtwache K\u00f6ln zusammen. Urspr\u00fcnglich wollte der Initiator (Polizeikommissar Alex L.) die Spendensumme der ehrenamtlichen Arbeit von Don Rohde (Kollege im Ruhestand) zukommen lassen. Dieser regte stattdessen an, dass das Familienh\u00f6rbuch davon profitieren darf. Auf dem Foto zu sehen: Familienh\u00f6rbuch-Gr\u00fcnderin Judith Gr\u00fcmmer, flankiert von Don [&hellip;]<\/p>","protected":false},"author":3,"featured_media":9948,"comment_status":"closed","ping_status":"","sticky":false,"template":"","format":"standard","meta":{"_acf_changed":false,"footnotes":""},"categories":[13,115],"tags":[85,346,348,17,297,347,308],"class_list":["post-9947","post","type-post","status-publish","format-standard","has-post-thumbnail","hentry","category-archiv","category-spenden","tag-charity","tag-don-rohde","tag-innenstadtwache","tag-koeln","tag-polizei","tag-polizeikommisar","tag-spendenuebergabe"],"acf":[],"_links":{"self":[{"href":"https:\/\/familienhoerbuch.de\/en\/wp-json\/wp\/v2\/posts\/9947","targetHints":{"allow":["GET"]}}],"collection":[{"href":"https:\/\/familienhoerbuch.de\/en\/wp-json\/wp\/v2\/posts"}],"about":[{"href":"https:\/\/familienhoerbuch.de\/en\/wp-json\/wp\/v2\/types\/post"}],"author":[{"embeddable":true,"href":"https:\/\/familienhoerbuch.de\/en\/wp-json\/wp\/v2\/users\/3"}],"replies":[{"embeddable":true,"href":"https:\/\/familienhoerbuch.de\/en\/wp-json\/wp\/v2\/comments?post=9947"}],"version-history":[{"count":0,"href":"https:\/\/familienhoerbuch.de\/en\/wp-json\/wp\/v2\/posts\/9947\/revisions"}],"wp:featuredmedia":[{"embeddable":true,"href":"https:\/\/familienhoerbuch.de\/en\/wp-json\/wp\/v2\/media\/9948"}],"wp:attachment":[{"href":"https:\/\/familienhoerbuch.de\/en\/wp-json\/wp\/v2\/media?parent=9947"}],"wp:term":[{"taxonomy":"category","embeddable":true,"href":"https:\/\/familienhoerbuch.de\/en\/wp-json\/wp\/v2\/categories?post=9947"},{"taxonomy":"post_tag","embeddable":true,"href":"https:\/\/familienhoerbuch.de\/en\/wp-json\/wp\/v2\/tags?post=9947"}],"curies":[{"name":"wp","href":"https:\/\/api.w.org\/{rel}","templated":true}]}}