{"id":9944,"date":"2025-03-26T10:18:41","date_gmt":"2025-03-26T09:18:41","guid":{"rendered":"https:\/\/familienhoerbuch.de\/?p=9944"},"modified":"2025-05-05T14:07:50","modified_gmt":"2025-05-05T12:07:50","slug":"in-der-ard-mediathek","status":"publish","type":"post","link":"https:\/\/familienhoerbuch.de\/en\/in-der-ard-mediathek\/","title":{"rendered":"In der ARD-Mediathek"},"content":{"rendered":"<p>Am 1. M\u00e4rz ver\u00f6ffentlichte der NDR im Rahmen der Sendung \u201eHallo Niedersachsen&#8220; einen 4-Min\u00fcter \u00fcber das Familienh\u00f6rbuch, Audiobiografin Carola Schede und eine unserer Projektteilnehmerinnen. Die TV-Aufnahmen fanden auf dem Hofgut Mollberg statt. Dort hatte das Familienh\u00f6rbuch-Tandem nicht nur das Erinnerungsgeschenk eingesprochen, sondern zudem feste Bande mit den Inhaber-Paar gekn\u00fcpft, die das Sozialunternehmen nun mit viel Herzblut ehrenamtlich unterst\u00fctzen.<\/p>\n\n\n\n<p><a href=\"https:\/\/www.ardmediathek.de\/video\/hallo-niedersachsen\/familienhoerbuch-die-eigene-stimme-als-abschiedsgeschenk\/ndr\/Y3JpZDovL25kci5kZS8wZWQ0YmRjOC0zZjQ5LTQwY2YtYmQ1NS00YzEwNzY0NWYzZDM\">anschauen<\/a><\/p>\n\n\n\n<p><\/p>","protected":false},"excerpt":{"rendered":"<p>Am 1. M\u00e4rz ver\u00f6ffentlichte der NDR im Rahmen der Sendung \u201eHallo Niedersachsen&#8220; einen 4-Min\u00fcter \u00fcber das Familienh\u00f6rbuch, Audiobiografin Carola Schede und eine unserer Projektteilnehmerinnen. Die TV-Aufnahmen fanden auf dem Hofgut Mollberg statt. Dort hatte das Familienh\u00f6rbuch-Tandem nicht nur das Erinnerungsgeschenk eingesprochen, sondern zudem feste Bande mit den Inhaber-Paar gekn\u00fcpft, die das Sozialunternehmen nun mit viel [&hellip;]<\/p>","protected":false},"author":3,"featured_media":9945,"comment_status":"closed","ping_status":"","sticky":false,"template":"","format":"standard","meta":{"_acf_changed":false,"footnotes":""},"categories":[13,112],"tags":[243,345,242,48,344],"class_list":["post-9944","post","type-post","status-publish","format-standard","has-post-thumbnail","hentry","category-archiv","category-tv-archiv","tag-carola-schede","tag-hallo-niedersachsen","tag-hofgut-mollberg","tag-projektteilnehmerin","tag-tv"],"acf":[],"_links":{"self":[{"href":"https:\/\/familienhoerbuch.de\/en\/wp-json\/wp\/v2\/posts\/9944","targetHints":{"allow":["GET"]}}],"collection":[{"href":"https:\/\/familienhoerbuch.de\/en\/wp-json\/wp\/v2\/posts"}],"about":[{"href":"https:\/\/familienhoerbuch.de\/en\/wp-json\/wp\/v2\/types\/post"}],"author":[{"embeddable":true,"href":"https:\/\/familienhoerbuch.de\/en\/wp-json\/wp\/v2\/users\/3"}],"replies":[{"embeddable":true,"href":"https:\/\/familienhoerbuch.de\/en\/wp-json\/wp\/v2\/comments?post=9944"}],"version-history":[{"count":0,"href":"https:\/\/familienhoerbuch.de\/en\/wp-json\/wp\/v2\/posts\/9944\/revisions"}],"wp:featuredmedia":[{"embeddable":true,"href":"https:\/\/familienhoerbuch.de\/en\/wp-json\/wp\/v2\/media\/9945"}],"wp:attachment":[{"href":"https:\/\/familienhoerbuch.de\/en\/wp-json\/wp\/v2\/media?parent=9944"}],"wp:term":[{"taxonomy":"category","embeddable":true,"href":"https:\/\/familienhoerbuch.de\/en\/wp-json\/wp\/v2\/categories?post=9944"},{"taxonomy":"post_tag","embeddable":true,"href":"https:\/\/familienhoerbuch.de\/en\/wp-json\/wp\/v2\/tags?post=9944"}],"curies":[{"name":"wp","href":"https:\/\/api.w.org\/{rel}","templated":true}]}}