{"id":9940,"date":"2025-03-26T09:38:13","date_gmt":"2025-03-26T08:38:13","guid":{"rendered":"https:\/\/familienhoerbuch.de\/?p=9940"},"modified":"2025-04-16T14:30:43","modified_gmt":"2025-04-16T12:30:43","slug":"magazin-aus-oesterreich-berichtet","status":"publish","type":"post","link":"https:\/\/familienhoerbuch.de\/en\/magazin-aus-oesterreich-berichtet\/","title":{"rendered":"Magazin aus \u00d6sterreich berichtet"},"content":{"rendered":"<p>In der M\u00e4rz-Ausgabe von DATUM erschien k\u00fcrzlich ein Bericht \u00fcber eine unserer Projektteilnehmerinnen (Aufnahmen 2022) und ihre Motivtion, ein Familienh\u00f6rbuch einzusprechen. Karina R. bewarb sich bei der Familienh\u00f6rbuch gGmbH, als ihre Kinder 3 und 1,5 Jahre alt waren.<\/p>\n\n\n\n<p><a href=\"https:\/\/datum.at\/die-stimme-bleibt\/\">Zum Text<\/a><\/p>\n\n\n\n<p><\/p>","protected":false},"excerpt":{"rendered":"<p>In der M\u00e4rz-Ausgabe von DATUM erschien k\u00fcrzlich ein Bericht \u00fcber eine unserer Projektteilnehmerinnen (Aufnahmen 2022) und ihre Motivtion, ein Familienh\u00f6rbuch einzusprechen. Karina R. bewarb sich bei der Familienh\u00f6rbuch gGmbH, als ihre Kinder 3 und 1,5 Jahre alt waren. Zum Text<\/p>","protected":false},"author":3,"featured_media":9941,"comment_status":"closed","ping_status":"","sticky":false,"template":"","format":"standard","meta":{"_acf_changed":false,"footnotes":""},"categories":[13,113],"tags":[342,139,72,343,48],"class_list":["post-9940","post","type-post","status-publish","format-standard","has-post-thumbnail","hentry","category-archiv","category-print-digital","tag-datum","tag-magazin","tag-oesterreich","tag-print","tag-projektteilnehmerin"],"acf":[],"_links":{"self":[{"href":"https:\/\/familienhoerbuch.de\/en\/wp-json\/wp\/v2\/posts\/9940","targetHints":{"allow":["GET"]}}],"collection":[{"href":"https:\/\/familienhoerbuch.de\/en\/wp-json\/wp\/v2\/posts"}],"about":[{"href":"https:\/\/familienhoerbuch.de\/en\/wp-json\/wp\/v2\/types\/post"}],"author":[{"embeddable":true,"href":"https:\/\/familienhoerbuch.de\/en\/wp-json\/wp\/v2\/users\/3"}],"replies":[{"embeddable":true,"href":"https:\/\/familienhoerbuch.de\/en\/wp-json\/wp\/v2\/comments?post=9940"}],"version-history":[{"count":0,"href":"https:\/\/familienhoerbuch.de\/en\/wp-json\/wp\/v2\/posts\/9940\/revisions"}],"wp:featuredmedia":[{"embeddable":true,"href":"https:\/\/familienhoerbuch.de\/en\/wp-json\/wp\/v2\/media\/9941"}],"wp:attachment":[{"href":"https:\/\/familienhoerbuch.de\/en\/wp-json\/wp\/v2\/media?parent=9940"}],"wp:term":[{"taxonomy":"category","embeddable":true,"href":"https:\/\/familienhoerbuch.de\/en\/wp-json\/wp\/v2\/categories?post=9940"},{"taxonomy":"post_tag","embeddable":true,"href":"https:\/\/familienhoerbuch.de\/en\/wp-json\/wp\/v2\/tags?post=9940"}],"curies":[{"name":"wp","href":"https:\/\/api.w.org\/{rel}","templated":true}]}}