{"id":9753,"date":"2025-03-21T09:11:08","date_gmt":"2025-03-21T08:11:08","guid":{"rendered":"https:\/\/familienhoerbuch.de\/?p=9753"},"modified":"2025-04-16T11:07:05","modified_gmt":"2025-04-16T09:07:05","slug":"das-familienhoerbuch-bei-swr1","status":"publish","type":"post","link":"https:\/\/familienhoerbuch.de\/en\/das-familienhoerbuch-bei-swr1\/","title":{"rendered":"Das Familienh\u00f6rbuch bei SWR1"},"content":{"rendered":"<p>\u00dcber den Tod, das Sterben und die Trauer wird viel zu wenig gesprochen. SWR1 BW m\u00f6chte dem entgegenwirken und hat den Fokus am 20. M\u00e4rz auf diese Themen gelegt. Das Familienh\u00f6rbuch wurde in diesem Rahmen ebenfalls vorgestellt. <\/p>\n\n\n\n<p><a href=\"https:\/\/www.swr.de\/swr1\/bw\/programm\/familienhoerbuch-die-stimme-als-unsterbliche-erinnerung-100.html\">Zum Beitrag<\/a><br><br><br><br><\/p>\n\n\n\n<p><\/p>","protected":false},"excerpt":{"rendered":"<p>\u00dcber den Tod, das Sterben und die Trauer wird viel zu wenig gesprochen. SWR1 BW m\u00f6chte dem entgegenwirken und hat den Fokus am 20. M\u00e4rz auf diese Themen gelegt. Das Familienh\u00f6rbuch wurde in diesem Rahmen ebenfalls vorgestellt. Zum Beitrag<\/p>","protected":false},"author":3,"featured_media":9943,"comment_status":"closed","ping_status":"","sticky":false,"template":"","format":"standard","meta":{"_acf_changed":false,"footnotes":""},"categories":[13,110],"tags":[340,341,121,35,82,339,90],"class_list":["post-9753","post","type-post","status-publish","format-standard","has-post-thumbnail","hentry","category-archiv","category-radio","tag-bw","tag-erfahrungsbericht","tag-hoerfunk","tag-projektteilnehmer","tag-sterben","tag-swr1","tag-tod"],"acf":[],"_links":{"self":[{"href":"https:\/\/familienhoerbuch.de\/en\/wp-json\/wp\/v2\/posts\/9753","targetHints":{"allow":["GET"]}}],"collection":[{"href":"https:\/\/familienhoerbuch.de\/en\/wp-json\/wp\/v2\/posts"}],"about":[{"href":"https:\/\/familienhoerbuch.de\/en\/wp-json\/wp\/v2\/types\/post"}],"author":[{"embeddable":true,"href":"https:\/\/familienhoerbuch.de\/en\/wp-json\/wp\/v2\/users\/3"}],"replies":[{"embeddable":true,"href":"https:\/\/familienhoerbuch.de\/en\/wp-json\/wp\/v2\/comments?post=9753"}],"version-history":[{"count":0,"href":"https:\/\/familienhoerbuch.de\/en\/wp-json\/wp\/v2\/posts\/9753\/revisions"}],"wp:featuredmedia":[{"embeddable":true,"href":"https:\/\/familienhoerbuch.de\/en\/wp-json\/wp\/v2\/media\/9943"}],"wp:attachment":[{"href":"https:\/\/familienhoerbuch.de\/en\/wp-json\/wp\/v2\/media?parent=9753"}],"wp:term":[{"taxonomy":"category","embeddable":true,"href":"https:\/\/familienhoerbuch.de\/en\/wp-json\/wp\/v2\/categories?post=9753"},{"taxonomy":"post_tag","embeddable":true,"href":"https:\/\/familienhoerbuch.de\/en\/wp-json\/wp\/v2\/tags?post=9753"}],"curies":[{"name":"wp","href":"https:\/\/api.w.org\/{rel}","templated":true}]}}