{"id":9667,"date":"2025-03-12T09:56:58","date_gmt":"2025-03-12T08:56:58","guid":{"rendered":"https:\/\/familienhoerbuch.de\/?p=9667"},"modified":"2025-03-26T10:50:55","modified_gmt":"2025-03-26T09:50:55","slug":"finalistin-bei-macherinnen","status":"publish","type":"post","link":"https:\/\/familienhoerbuch.de\/en\/finalistin-bei-macherinnen\/","title":{"rendered":"Finalistin bei MACHERINNEN"},"content":{"rendered":"<p>Familienh\u00f6rbuch-Gr\u00fcnderin Judith Gr\u00fcmmer steht im Finale des <a href=\"https:\/\/macherinnen-cgn.de\/macherinnen-award\/\">Macherinnen Awards<\/a> K\u00f6ln. Sie wurde aus \u00fcber 160 vorgeschlagenen Frauen ausgew\u00e4hlt. Ziel des Awards ist es, Vorbilder zu ehren, die durch ihre Arbeit und ihren Einsatz inspirieren und andere Frauen ermutigen, F\u00fchrungsrollen zu \u00fcbernehmen und ihre Karrieren voranzutreiben.<\/p>\n\n\n\n<p><a href=\"https:\/\/macherinnen-cgn.de\/premiere-des-macherinnen-awards-frauen-in-der-koelner-wirtschaft-im-rampenlicht-bewerbungsstart-21-06-2024-copy-copy\/\">mehr erfahren<\/a><\/p>\n\n\n\n<p><\/p>","protected":false},"excerpt":{"rendered":"<p>Familienh\u00f6rbuch-Gr\u00fcnderin Judith Gr\u00fcmmer steht im Finale des Macherinnen Awards K\u00f6ln. Sie wurde aus \u00fcber 160 vorgeschlagenen Frauen ausgew\u00e4hlt. Ziel des Awards ist es, Vorbilder zu ehren, die durch ihre Arbeit und ihren Einsatz inspirieren und andere Frauen ermutigen, F\u00fchrungsrollen zu \u00fcbernehmen und ihre Karrieren voranzutreiben. mehr erfahren<\/p>","protected":false},"author":3,"featured_media":9668,"comment_status":"closed","ping_status":"","sticky":false,"template":"","format":"standard","meta":{"_acf_changed":false,"footnotes":""},"categories":[13,207],"tags":[332,331,148,17,330],"class_list":["post-9667","post","type-post","status-publish","format-standard","has-post-thumbnail","hentry","category-archiv","category-nominierungen-auszeichnungen","tag-award","tag-finale","tag-gruemmer","tag-koeln","tag-macherinnen"],"acf":[],"_links":{"self":[{"href":"https:\/\/familienhoerbuch.de\/en\/wp-json\/wp\/v2\/posts\/9667","targetHints":{"allow":["GET"]}}],"collection":[{"href":"https:\/\/familienhoerbuch.de\/en\/wp-json\/wp\/v2\/posts"}],"about":[{"href":"https:\/\/familienhoerbuch.de\/en\/wp-json\/wp\/v2\/types\/post"}],"author":[{"embeddable":true,"href":"https:\/\/familienhoerbuch.de\/en\/wp-json\/wp\/v2\/users\/3"}],"replies":[{"embeddable":true,"href":"https:\/\/familienhoerbuch.de\/en\/wp-json\/wp\/v2\/comments?post=9667"}],"version-history":[{"count":0,"href":"https:\/\/familienhoerbuch.de\/en\/wp-json\/wp\/v2\/posts\/9667\/revisions"}],"wp:featuredmedia":[{"embeddable":true,"href":"https:\/\/familienhoerbuch.de\/en\/wp-json\/wp\/v2\/media\/9668"}],"wp:attachment":[{"href":"https:\/\/familienhoerbuch.de\/en\/wp-json\/wp\/v2\/media?parent=9667"}],"wp:term":[{"taxonomy":"category","embeddable":true,"href":"https:\/\/familienhoerbuch.de\/en\/wp-json\/wp\/v2\/categories?post=9667"},{"taxonomy":"post_tag","embeddable":true,"href":"https:\/\/familienhoerbuch.de\/en\/wp-json\/wp\/v2\/tags?post=9667"}],"curies":[{"name":"wp","href":"https:\/\/api.w.org\/{rel}","templated":true}]}}