{"id":9581,"date":"2025-02-25T15:23:10","date_gmt":"2025-02-25T14:23:10","guid":{"rendered":"https:\/\/familienhoerbuch.de\/?p=9581"},"modified":"2025-03-21T09:14:17","modified_gmt":"2025-03-21T08:14:17","slug":"im-interview-mit-swiss-life","status":"publish","type":"post","link":"https:\/\/familienhoerbuch.de\/en\/im-interview-mit-swiss-life\/","title":{"rendered":"Im Interview mit Swiss Life"},"content":{"rendered":"<p>Die Swiss Life Stiftung f\u00fcr Chancenreichtum und Zukunft unterst\u00fctzt das Familienh\u00f6rbuch. Im Rahmen des F\u00f6rderpreis-Verleihung Ende 2024 fand ein Interview mit Thomas Koenen (Fundraising &amp; Kommunikation) statt, das k\u00fcrzlich ver\u00f6ffentlicht wurde.<\/p>\n\n\n\n<p><a href=\"https:\/\/www.swisslife.de\/ueber-swiss-life\/medienportal\/news\/2025\/25-02-24-familienhoerbuch.html\">Zum Interview<\/a><\/p>","protected":false},"excerpt":{"rendered":"<p>Die Swiss Life Stiftung f\u00fcr Chancenreichtum und Zukunft unterst\u00fctzt das Familienh\u00f6rbuch. Im Rahmen des F\u00f6rderpreis-Verleihung Ende 2024 fand ein Interview mit Thomas Koenen (Fundraising &amp; Kommunikation) statt, das k\u00fcrzlich ver\u00f6ffentlicht wurde. Zum Interview<\/p>","protected":false},"author":3,"featured_media":9582,"comment_status":"closed","ping_status":"","sticky":false,"template":"","format":"standard","meta":{"_acf_changed":false,"footnotes":""},"categories":[13,119],"tags":[293,100,322,260,292],"class_list":["post-9581","post","type-post","status-publish","format-standard","has-post-thumbnail","hentry","category-archiv","category-sonstiges","tag-foerderpreis","tag-interview","tag-koenen","tag-stiftung","tag-swiss-life"],"acf":[],"_links":{"self":[{"href":"https:\/\/familienhoerbuch.de\/en\/wp-json\/wp\/v2\/posts\/9581","targetHints":{"allow":["GET"]}}],"collection":[{"href":"https:\/\/familienhoerbuch.de\/en\/wp-json\/wp\/v2\/posts"}],"about":[{"href":"https:\/\/familienhoerbuch.de\/en\/wp-json\/wp\/v2\/types\/post"}],"author":[{"embeddable":true,"href":"https:\/\/familienhoerbuch.de\/en\/wp-json\/wp\/v2\/users\/3"}],"replies":[{"embeddable":true,"href":"https:\/\/familienhoerbuch.de\/en\/wp-json\/wp\/v2\/comments?post=9581"}],"version-history":[{"count":0,"href":"https:\/\/familienhoerbuch.de\/en\/wp-json\/wp\/v2\/posts\/9581\/revisions"}],"wp:featuredmedia":[{"embeddable":true,"href":"https:\/\/familienhoerbuch.de\/en\/wp-json\/wp\/v2\/media\/9582"}],"wp:attachment":[{"href":"https:\/\/familienhoerbuch.de\/en\/wp-json\/wp\/v2\/media?parent=9581"}],"wp:term":[{"taxonomy":"category","embeddable":true,"href":"https:\/\/familienhoerbuch.de\/en\/wp-json\/wp\/v2\/categories?post=9581"},{"taxonomy":"post_tag","embeddable":true,"href":"https:\/\/familienhoerbuch.de\/en\/wp-json\/wp\/v2\/tags?post=9581"}],"curies":[{"name":"wp","href":"https:\/\/api.w.org\/{rel}","templated":true}]}}