{"id":9364,"date":"2025-01-20T09:48:44","date_gmt":"2025-01-20T08:48:44","guid":{"rendered":"https:\/\/familienhoerbuch.de\/?p=9364"},"modified":"2025-02-24T10:46:29","modified_gmt":"2025-02-24T09:46:29","slug":"spendenuebergabe-in-bergisch-gladbach","status":"publish","type":"post","link":"https:\/\/familienhoerbuch.de\/en\/spendenuebergabe-in-bergisch-gladbach\/","title":{"rendered":"In Bergisch Gladbach"},"content":{"rendered":"<p>Die <a href=\"https:\/\/www.linkedin.com\/company\/polizei-nrw\/\">Polizei NRW<\/a>, die <a href=\"https:\/\/www.linkedin.com\/company\/feuerwehrgl\/\">Feuerwehr Bergisch Gladbach<\/a> und der <a href=\"https:\/\/www.linkedin.com\/company\/rheinisch-bergischer-kreis\/\">Rheinisch-Bergischer Kreis<\/a> haben in der Weihnachtszeit gemeinsam eine Spendensammelaktion f\u00fcr die <a href=\"https:\/\/www.linkedin.com\/company\/familienhoerbuch\/\">Familienh\u00f6rbuch gGmbH<\/a> organisiert. Sie \u00fcbergaben 2.175 Euro direkt an Gr\u00fcnderin Judith Gr\u00fcmmer, damit noch mehr M\u00fctter und V\u00e4ter die Chance zur Aufnahme ins Projekt erhalten k\u00f6nnen.<\/p>\n\n\n\n<p><\/p>\n\n\n\n<p><\/p>","protected":false},"excerpt":{"rendered":"<p>Die Polizei NRW, die Feuerwehr Bergisch Gladbach und der Rheinisch-Bergischer Kreis haben in der Weihnachtszeit gemeinsam eine Spendensammelaktion f\u00fcr die Familienh\u00f6rbuch gGmbH organisiert. Sie \u00fcbergaben 2.175 Euro direkt an Gr\u00fcnderin Judith Gr\u00fcmmer, damit noch mehr M\u00fctter und V\u00e4ter die Chance zur Aufnahme ins Projekt erhalten k\u00f6nnen.<\/p>","protected":false},"author":3,"featured_media":9365,"comment_status":"closed","ping_status":"","sticky":false,"template":"","format":"standard","meta":{"_acf_changed":false,"footnotes":""},"categories":[13,115],"tags":[146,298,297,299],"class_list":["post-9364","post","type-post","status-publish","format-standard","has-post-thumbnail","hentry","category-archiv","category-spenden","tag-bergisch-gladbach","tag-feuerwehr","tag-polizei","tag-rheinisch-bergischer-kreis"],"acf":[],"_links":{"self":[{"href":"https:\/\/familienhoerbuch.de\/en\/wp-json\/wp\/v2\/posts\/9364","targetHints":{"allow":["GET"]}}],"collection":[{"href":"https:\/\/familienhoerbuch.de\/en\/wp-json\/wp\/v2\/posts"}],"about":[{"href":"https:\/\/familienhoerbuch.de\/en\/wp-json\/wp\/v2\/types\/post"}],"author":[{"embeddable":true,"href":"https:\/\/familienhoerbuch.de\/en\/wp-json\/wp\/v2\/users\/3"}],"replies":[{"embeddable":true,"href":"https:\/\/familienhoerbuch.de\/en\/wp-json\/wp\/v2\/comments?post=9364"}],"version-history":[{"count":0,"href":"https:\/\/familienhoerbuch.de\/en\/wp-json\/wp\/v2\/posts\/9364\/revisions"}],"wp:featuredmedia":[{"embeddable":true,"href":"https:\/\/familienhoerbuch.de\/en\/wp-json\/wp\/v2\/media\/9365"}],"wp:attachment":[{"href":"https:\/\/familienhoerbuch.de\/en\/wp-json\/wp\/v2\/media?parent=9364"}],"wp:term":[{"taxonomy":"category","embeddable":true,"href":"https:\/\/familienhoerbuch.de\/en\/wp-json\/wp\/v2\/categories?post=9364"},{"taxonomy":"post_tag","embeddable":true,"href":"https:\/\/familienhoerbuch.de\/en\/wp-json\/wp\/v2\/tags?post=9364"}],"curies":[{"name":"wp","href":"https:\/\/api.w.org\/{rel}","templated":true}]}}