{"id":9361,"date":"2025-01-15T14:01:58","date_gmt":"2025-01-15T13:01:58","guid":{"rendered":"https:\/\/familienhoerbuch.de\/?p=9361"},"modified":"2025-02-24T10:46:44","modified_gmt":"2025-02-24T09:46:44","slug":"zwei-knaller-in-bild-der-frau","status":"publish","type":"post","link":"https:\/\/familienhoerbuch.de\/en\/zwei-knaller-in-bild-der-frau\/","title":{"rendered":"Zwei Knaller in BILD DER FRAU"},"content":{"rendered":"<p>Der Januar steht ganz im Zeichen des Familienh\u00f6rbuchs. Schon die n\u00e4chste Ver\u00f6ffentlichung (BILD DER FRAU vom FUNKE Verlag) ist im station\u00e4ren Handeln erh\u00e4ltlich und wartet auf mit drei Seiten \u00fcber eine unserer Projektteilnehmerinnen, ihrem Umgang mit der palliativen Diagnose und ihrem Entschluss ein Familienh\u00f6rbuch einzusprechen, sowie einem Interview mit unserer Schirmherrin Elena Uhlig, die erz\u00e4hlt, weshalb unser Projekt sie so ber\u00fchrt.<\/p>","protected":false},"excerpt":{"rendered":"<p>Der Januar steht ganz im Zeichen des Familienh\u00f6rbuchs. Schon die n\u00e4chste Ver\u00f6ffentlichung (BILD DER FRAU vom FUNKE Verlag) ist im station\u00e4ren Handeln erh\u00e4ltlich und wartet auf mit drei Seiten \u00fcber eine unserer Projektteilnehmerinnen, ihrem Umgang mit der palliativen Diagnose und ihrem Entschluss ein Familienh\u00f6rbuch einzusprechen, sowie einem Interview mit unserer Schirmherrin Elena Uhlig, die erz\u00e4hlt, [&hellip;]<\/p>","protected":false},"author":3,"featured_media":9362,"comment_status":"closed","ping_status":"","sticky":false,"template":"","format":"standard","meta":{"_acf_changed":false,"footnotes":""},"categories":[13,113],"tags":[294,270,296,52],"class_list":["post-9361","post","type-post","status-publish","format-standard","has-post-thumbnail","hentry","category-archiv","category-print-digital","tag-bild-der-frau","tag-elena-uhlig","tag-funke","tag-medienbericht"],"acf":[],"_links":{"self":[{"href":"https:\/\/familienhoerbuch.de\/en\/wp-json\/wp\/v2\/posts\/9361","targetHints":{"allow":["GET"]}}],"collection":[{"href":"https:\/\/familienhoerbuch.de\/en\/wp-json\/wp\/v2\/posts"}],"about":[{"href":"https:\/\/familienhoerbuch.de\/en\/wp-json\/wp\/v2\/types\/post"}],"author":[{"embeddable":true,"href":"https:\/\/familienhoerbuch.de\/en\/wp-json\/wp\/v2\/users\/3"}],"replies":[{"embeddable":true,"href":"https:\/\/familienhoerbuch.de\/en\/wp-json\/wp\/v2\/comments?post=9361"}],"version-history":[{"count":0,"href":"https:\/\/familienhoerbuch.de\/en\/wp-json\/wp\/v2\/posts\/9361\/revisions"}],"wp:featuredmedia":[{"embeddable":true,"href":"https:\/\/familienhoerbuch.de\/en\/wp-json\/wp\/v2\/media\/9362"}],"wp:attachment":[{"href":"https:\/\/familienhoerbuch.de\/en\/wp-json\/wp\/v2\/media?parent=9361"}],"wp:term":[{"taxonomy":"category","embeddable":true,"href":"https:\/\/familienhoerbuch.de\/en\/wp-json\/wp\/v2\/categories?post=9361"},{"taxonomy":"post_tag","embeddable":true,"href":"https:\/\/familienhoerbuch.de\/en\/wp-json\/wp\/v2\/tags?post=9361"}],"curies":[{"name":"wp","href":"https:\/\/api.w.org\/{rel}","templated":true}]}}