{"id":9352,"date":"2025-01-14T10:41:59","date_gmt":"2025-01-14T09:41:59","guid":{"rendered":"https:\/\/familienhoerbuch.de\/?p=9352"},"modified":"2025-02-10T11:13:34","modified_gmt":"2025-02-10T10:13:34","slug":"swiss-life-foerderpreis","status":"publish","type":"post","link":"https:\/\/familienhoerbuch.de\/en\/swiss-life-foerderpreis\/","title":{"rendered":"Swiss Life F\u00f6rderpreis"},"content":{"rendered":"<p>Zum Jahresende gab es noch die ein oder andere \u00dcberraschung. Zu den gr\u00f6\u00dften z\u00e4hlt sicherlich die Auszeichnung mit dem Swiss Life F\u00f6rderpeis 2024. Neben der Wertsch\u00e4tzung des Projekts und der  finanziellen F\u00f6rderung beinhaltete dies auch, dass ein ganz besonderer Film entstand, in welchem eine Projektteilnehmerin und deren Audiobiografin (<a href=\"https:\/\/familienhoerbuch.de\/en\/team\/carola-schede\/\">Carola Schede<\/a>) zu Wort kommen.<\/p>\n\n\n\n<p><a href=\"https:\/\/youtu.be\/KFspYDFRcqU\">Jetzt anschauen<\/a><\/p>\n\n\n\n<p>PS: Die Filmaufnahmen fanden auf dem Hofgut Mollberg in Wiefelstede statt. Das Hofgut-Team \u00fcberraschte uns unter anderem mit der tollen Motto-Torte. Ber\u00fchrend war, dass die Familienh\u00f6rbuch-Aufnahmetage mit der Protagonistin im Vorjahr genau dort stattgefunden hatten.<\/p>","protected":false},"excerpt":{"rendered":"<p>Zum Jahresende gab es noch die ein oder andere \u00dcberraschung. Zu den gr\u00f6\u00dften z\u00e4hlt sicherlich die Auszeichnung mit dem Swiss Life F\u00f6rderpeis 2024. Neben der Wertsch\u00e4tzung des Projekts und der finanziellen F\u00f6rderung beinhaltete dies auch, dass ein ganz besonderer Film entstand, in welchem eine Projektteilnehmerin und deren Audiobiografin (Carola Schede) zu Wort kommen. Jetzt anschauen [&hellip;]<\/p>","protected":false},"author":3,"featured_media":9359,"comment_status":"closed","ping_status":"","sticky":false,"template":"","format":"standard","meta":{"_acf_changed":false,"footnotes":""},"categories":[13,207],"tags":[243,293,242,48,292,291],"class_list":["post-9352","post","type-post","status-publish","format-standard","has-post-thumbnail","hentry","category-archiv","category-nominierungen-auszeichnungen","tag-carola-schede","tag-foerderpreis","tag-hofgut-mollberg","tag-projektteilnehmerin","tag-swiss-life","tag-wiefelstede"],"acf":[],"_links":{"self":[{"href":"https:\/\/familienhoerbuch.de\/en\/wp-json\/wp\/v2\/posts\/9352","targetHints":{"allow":["GET"]}}],"collection":[{"href":"https:\/\/familienhoerbuch.de\/en\/wp-json\/wp\/v2\/posts"}],"about":[{"href":"https:\/\/familienhoerbuch.de\/en\/wp-json\/wp\/v2\/types\/post"}],"author":[{"embeddable":true,"href":"https:\/\/familienhoerbuch.de\/en\/wp-json\/wp\/v2\/users\/3"}],"replies":[{"embeddable":true,"href":"https:\/\/familienhoerbuch.de\/en\/wp-json\/wp\/v2\/comments?post=9352"}],"version-history":[{"count":0,"href":"https:\/\/familienhoerbuch.de\/en\/wp-json\/wp\/v2\/posts\/9352\/revisions"}],"wp:featuredmedia":[{"embeddable":true,"href":"https:\/\/familienhoerbuch.de\/en\/wp-json\/wp\/v2\/media\/9359"}],"wp:attachment":[{"href":"https:\/\/familienhoerbuch.de\/en\/wp-json\/wp\/v2\/media?parent=9352"}],"wp:term":[{"taxonomy":"category","embeddable":true,"href":"https:\/\/familienhoerbuch.de\/en\/wp-json\/wp\/v2\/categories?post=9352"},{"taxonomy":"post_tag","embeddable":true,"href":"https:\/\/familienhoerbuch.de\/en\/wp-json\/wp\/v2\/tags?post=9352"}],"curies":[{"name":"wp","href":"https:\/\/api.w.org\/{rel}","templated":true}]}}