{"id":9349,"date":"2025-01-14T10:06:36","date_gmt":"2025-01-14T09:06:36","guid":{"rendered":"https:\/\/familienhoerbuch.de\/?p=9349"},"modified":"2025-02-06T17:35:38","modified_gmt":"2025-02-06T16:35:38","slug":"aktuell-im-bunte-magazin","status":"publish","type":"post","link":"https:\/\/familienhoerbuch.de\/en\/aktuell-im-bunte-magazin\/","title":{"rendered":"Aktuell im BUNTE-Magazin"},"content":{"rendered":"<p>Unsere Schirmherrin (Elena Uhlig) sprach w\u00e4hrend eines BUNTE-Interviews \u00fcber ihren eigenen Umgang mit dem Thema Tod und auch \u00fcber das Familienh\u00f6rbuch.<\/p>\n\n\n\n<p>Lesen: <a href=\"https:\/\/www.bunte.de\/stars\/star-news\/elena-uhlig-wie-der-fruehe-tod-meines-freundes-mich-veraendert-hat.html\">Zum Online-Beitrag<\/a><\/p>\n\n\n\n<p><\/p>","protected":false},"excerpt":{"rendered":"<p>Unsere Schirmherrin (Elena Uhlig) sprach w\u00e4hrend eines BUNTE-Interviews \u00fcber ihren eigenen Umgang mit dem Thema Tod und auch \u00fcber das Familienh\u00f6rbuch. Lesen: Zum Online-Beitrag<\/p>","protected":false},"author":3,"featured_media":9350,"comment_status":"closed","ping_status":"","sticky":false,"template":"","format":"standard","meta":{"_acf_changed":false,"footnotes":""},"categories":[13,113],"tags":[69,288,139,290,271,289],"class_list":["post-9349","post","type-post","status-publish","format-standard","has-post-thumbnail","hentry","category-archiv","category-print-digital","tag-artikel","tag-bunte","tag-magazin","tag-pr","tag-schirmherrin","tag-uhlig"],"acf":[],"_links":{"self":[{"href":"https:\/\/familienhoerbuch.de\/en\/wp-json\/wp\/v2\/posts\/9349","targetHints":{"allow":["GET"]}}],"collection":[{"href":"https:\/\/familienhoerbuch.de\/en\/wp-json\/wp\/v2\/posts"}],"about":[{"href":"https:\/\/familienhoerbuch.de\/en\/wp-json\/wp\/v2\/types\/post"}],"author":[{"embeddable":true,"href":"https:\/\/familienhoerbuch.de\/en\/wp-json\/wp\/v2\/users\/3"}],"replies":[{"embeddable":true,"href":"https:\/\/familienhoerbuch.de\/en\/wp-json\/wp\/v2\/comments?post=9349"}],"version-history":[{"count":0,"href":"https:\/\/familienhoerbuch.de\/en\/wp-json\/wp\/v2\/posts\/9349\/revisions"}],"wp:featuredmedia":[{"embeddable":true,"href":"https:\/\/familienhoerbuch.de\/en\/wp-json\/wp\/v2\/media\/9350"}],"wp:attachment":[{"href":"https:\/\/familienhoerbuch.de\/en\/wp-json\/wp\/v2\/media?parent=9349"}],"wp:term":[{"taxonomy":"category","embeddable":true,"href":"https:\/\/familienhoerbuch.de\/en\/wp-json\/wp\/v2\/categories?post=9349"},{"taxonomy":"post_tag","embeddable":true,"href":"https:\/\/familienhoerbuch.de\/en\/wp-json\/wp\/v2\/tags?post=9349"}],"curies":[{"name":"wp","href":"https:\/\/api.w.org\/{rel}","templated":true}]}}