{"id":9211,"date":"2024-12-16T15:05:25","date_gmt":"2024-12-16T14:05:25","guid":{"rendered":"https:\/\/familienhoerbuch.de\/?p=9211"},"modified":"2025-02-06T17:36:21","modified_gmt":"2025-02-06T16:36:21","slug":"bericht-in-bestattungskultur","status":"publish","type":"post","link":"https:\/\/familienhoerbuch.de\/en\/bericht-in-bestattungskultur\/","title":{"rendered":"Bericht in \u201ebestattungskultur\u201c"},"content":{"rendered":"<p>Der Fachverlag des deutschen Bestattungsgewerbes ver\u00f6ffentlicht in seinem zugeh\u00f6rigen Medium regelm\u00e4\u00dfig Texte zu aktuellen Wirtschafts- und Rechtsfragen f\u00fcr die Bestattungsbranche und beteiligt sich an den gesellschaftsrelevanten Debatten zum Thema Tod. Zum Ende des Jahres hat das Familienh\u00f6rbuch einen Platz im Magazin gefunden und die Leser:innen erfahren \u00fcber f\u00fcnf Seiten hinweg alles \u00fcber das Projekt. <\/p>\n\n\n\n<p><\/p>","protected":false},"excerpt":{"rendered":"<p>Der Fachverlag des deutschen Bestattungsgewerbes ver\u00f6ffentlicht in seinem zugeh\u00f6rigen Medium regelm\u00e4\u00dfig Texte zu aktuellen Wirtschafts- und Rechtsfragen f\u00fcr die Bestattungsbranche und beteiligt sich an den gesellschaftsrelevanten Debatten zum Thema Tod. Zum Ende des Jahres hat das Familienh\u00f6rbuch einen Platz im Magazin gefunden und die Leser:innen erfahren \u00fcber f\u00fcnf Seiten hinweg alles \u00fcber das Projekt.<\/p>","protected":false},"author":3,"featured_media":9212,"comment_status":"closed","ping_status":"","sticky":false,"template":"","format":"standard","meta":{"_acf_changed":false,"footnotes":""},"categories":[13,113],"tags":[147,286,52,90],"class_list":["post-9211","post","type-post","status-publish","format-standard","has-post-thumbnail","hentry","category-archiv","category-print-digital","tag-bestatter","tag-bestattungskultur","tag-medienbericht","tag-tod"],"acf":[],"_links":{"self":[{"href":"https:\/\/familienhoerbuch.de\/en\/wp-json\/wp\/v2\/posts\/9211","targetHints":{"allow":["GET"]}}],"collection":[{"href":"https:\/\/familienhoerbuch.de\/en\/wp-json\/wp\/v2\/posts"}],"about":[{"href":"https:\/\/familienhoerbuch.de\/en\/wp-json\/wp\/v2\/types\/post"}],"author":[{"embeddable":true,"href":"https:\/\/familienhoerbuch.de\/en\/wp-json\/wp\/v2\/users\/3"}],"replies":[{"embeddable":true,"href":"https:\/\/familienhoerbuch.de\/en\/wp-json\/wp\/v2\/comments?post=9211"}],"version-history":[{"count":0,"href":"https:\/\/familienhoerbuch.de\/en\/wp-json\/wp\/v2\/posts\/9211\/revisions"}],"wp:featuredmedia":[{"embeddable":true,"href":"https:\/\/familienhoerbuch.de\/en\/wp-json\/wp\/v2\/media\/9212"}],"wp:attachment":[{"href":"https:\/\/familienhoerbuch.de\/en\/wp-json\/wp\/v2\/media?parent=9211"}],"wp:term":[{"taxonomy":"category","embeddable":true,"href":"https:\/\/familienhoerbuch.de\/en\/wp-json\/wp\/v2\/categories?post=9211"},{"taxonomy":"post_tag","embeddable":true,"href":"https:\/\/familienhoerbuch.de\/en\/wp-json\/wp\/v2\/tags?post=9211"}],"curies":[{"name":"wp","href":"https:\/\/api.w.org\/{rel}","templated":true}]}}