{"id":9205,"date":"2024-12-16T13:02:07","date_gmt":"2024-12-16T12:02:07","guid":{"rendered":"https:\/\/familienhoerbuch.de\/?p=9205"},"modified":"2025-01-20T11:15:10","modified_gmt":"2025-01-20T10:15:10","slug":"9205-2","status":"publish","type":"post","link":"https:\/\/familienhoerbuch.de\/en\/9205-2\/","title":{"rendered":"Jetzt im AiR-Magazin"},"content":{"rendered":"<p>Zehnmal im Jahr erscheint \u201eAktiv im Alter\u201c (AiR), das Seniorenmagazin von Beamtenbund und Tarifunion (Interessenvertretung Beamt:innen). Die Dezember-Ausgabe wartet mit einem 2-seitigen Artikel \u00fcber die Familienh\u00f6rbuch-Gr\u00fcnderin Judith Gr\u00fcmmer auf. Unter der \u00dcberschrift \u201eDie Geschichten-Sammlerin\u201c wird das Thema Audiobiografie n\u00e4her beleuchtet und die Unternehmensgr\u00fcndung mit \u00fcber 60 Jahren thematisiert.<\/p>\n\n\n\n<p><\/p>","protected":false},"excerpt":{"rendered":"<p>Zehnmal im Jahr erscheint \u201eAktiv im Alter\u201c (AiR), das Seniorenmagazin von Beamtenbund und Tarifunion (Interessenvertretung Beamt:innen). Die Dezember-Ausgabe wartet mit einem 2-seitigen Artikel \u00fcber die Familienh\u00f6rbuch-Gr\u00fcnderin Judith Gr\u00fcmmer auf. Unter der \u00dcberschrift \u201eDie Geschichten-Sammlerin\u201c wird das Thema Audiobiografie n\u00e4her beleuchtet und die Unternehmensgr\u00fcndung mit \u00fcber 60 Jahren thematisiert.<\/p>","protected":false},"author":3,"featured_media":9204,"comment_status":"closed","ping_status":"","sticky":false,"template":"","format":"standard","meta":{"_acf_changed":false,"footnotes":""},"categories":[13,113],"tags":[281,285,282,16],"class_list":["post-9205","post","type-post","status-publish","format-standard","has-post-thumbnail","hentry","category-archiv","category-print-digital","tag-air","tag-beamtinnen","tag-bericht","tag-judith-gruemmer"],"acf":[],"_links":{"self":[{"href":"https:\/\/familienhoerbuch.de\/en\/wp-json\/wp\/v2\/posts\/9205","targetHints":{"allow":["GET"]}}],"collection":[{"href":"https:\/\/familienhoerbuch.de\/en\/wp-json\/wp\/v2\/posts"}],"about":[{"href":"https:\/\/familienhoerbuch.de\/en\/wp-json\/wp\/v2\/types\/post"}],"author":[{"embeddable":true,"href":"https:\/\/familienhoerbuch.de\/en\/wp-json\/wp\/v2\/users\/3"}],"replies":[{"embeddable":true,"href":"https:\/\/familienhoerbuch.de\/en\/wp-json\/wp\/v2\/comments?post=9205"}],"version-history":[{"count":0,"href":"https:\/\/familienhoerbuch.de\/en\/wp-json\/wp\/v2\/posts\/9205\/revisions"}],"wp:featuredmedia":[{"embeddable":true,"href":"https:\/\/familienhoerbuch.de\/en\/wp-json\/wp\/v2\/media\/9204"}],"wp:attachment":[{"href":"https:\/\/familienhoerbuch.de\/en\/wp-json\/wp\/v2\/media?parent=9205"}],"wp:term":[{"taxonomy":"category","embeddable":true,"href":"https:\/\/familienhoerbuch.de\/en\/wp-json\/wp\/v2\/categories?post=9205"},{"taxonomy":"post_tag","embeddable":true,"href":"https:\/\/familienhoerbuch.de\/en\/wp-json\/wp\/v2\/tags?post=9205"}],"curies":[{"name":"wp","href":"https:\/\/api.w.org\/{rel}","templated":true}]}}