{"id":9138,"date":"2024-12-06T14:54:55","date_gmt":"2024-12-06T13:54:55","guid":{"rendered":"https:\/\/familienhoerbuch.de\/?p=9138"},"modified":"2025-01-14T11:12:57","modified_gmt":"2025-01-14T10:12:57","slug":"sendung-lebenszeit","status":"publish","type":"post","link":"https:\/\/familienhoerbuch.de\/en\/sendung-lebenszeit\/","title":{"rendered":"Sendung \u201eLebenszeit\u201c"},"content":{"rendered":"<p>Was wissen wir eigentlich \u00fcber unsere Eltern? Diesem Thema ging der Deutschlandfunk nach. Moderatorin Daniela Wiesler sprach unter anderem mit einer Psychologin, dem Autor von \u201eNachwendekinder\u201c, dem Verfasser von \u201ePl\u00f6tzlich war er nicht mehr da&#8220; und Carmen Dreyer vom Familienh\u00f6rbuch. Zudem kamen Zuh\u00f6rende w\u00e4hrend der Sendung zu Wort und brachten eigene Erfahrungen mit ein.<\/p>\n\n\n\n<p>Deutschlandfunk-Mediathek: <a href=\"https:\/\/www.deutschlandfunk.de\/lebensgeschichten-was-wissen-wir-eigentlich-ueber-unsere-eltern-dlf-c09eb616-100.html\">nachtr\u00e4glich genie\u00dfen<\/a><\/p>","protected":false},"excerpt":{"rendered":"<p>Was wissen wir eigentlich \u00fcber unsere Eltern? Diesem Thema ging der Deutschlandfunk nach. Moderatorin Daniela Wiesler sprach unter anderem mit einer Psychologin, dem Autor von \u201eNachwendekinder\u201c, dem Verfasser von \u201ePl\u00f6tzlich war er nicht mehr da&#8220; und Carmen Dreyer vom Familienh\u00f6rbuch. Zudem kamen Zuh\u00f6rende w\u00e4hrend der Sendung zu Wort und brachten eigene Erfahrungen mit ein. Deutschlandfunk-Mediathek: [&hellip;]<\/p>","protected":false},"author":3,"featured_media":9139,"comment_status":"closed","ping_status":"","sticky":false,"template":"","format":"standard","meta":{"_acf_changed":false,"footnotes":""},"categories":[13,110],"tags":[273,275,28,274,122],"class_list":["post-9138","post","type-post","status-publish","format-standard","has-post-thumbnail","hentry","category-archiv","category-radio","tag-deutschlandfunk","tag-eltern","tag-familienhoerbuch","tag-lebenszeit","tag-radio"],"acf":[],"_links":{"self":[{"href":"https:\/\/familienhoerbuch.de\/en\/wp-json\/wp\/v2\/posts\/9138","targetHints":{"allow":["GET"]}}],"collection":[{"href":"https:\/\/familienhoerbuch.de\/en\/wp-json\/wp\/v2\/posts"}],"about":[{"href":"https:\/\/familienhoerbuch.de\/en\/wp-json\/wp\/v2\/types\/post"}],"author":[{"embeddable":true,"href":"https:\/\/familienhoerbuch.de\/en\/wp-json\/wp\/v2\/users\/3"}],"replies":[{"embeddable":true,"href":"https:\/\/familienhoerbuch.de\/en\/wp-json\/wp\/v2\/comments?post=9138"}],"version-history":[{"count":0,"href":"https:\/\/familienhoerbuch.de\/en\/wp-json\/wp\/v2\/posts\/9138\/revisions"}],"wp:featuredmedia":[{"embeddable":true,"href":"https:\/\/familienhoerbuch.de\/en\/wp-json\/wp\/v2\/media\/9139"}],"wp:attachment":[{"href":"https:\/\/familienhoerbuch.de\/en\/wp-json\/wp\/v2\/media?parent=9138"}],"wp:term":[{"taxonomy":"category","embeddable":true,"href":"https:\/\/familienhoerbuch.de\/en\/wp-json\/wp\/v2\/categories?post=9138"},{"taxonomy":"post_tag","embeddable":true,"href":"https:\/\/familienhoerbuch.de\/en\/wp-json\/wp\/v2\/tags?post=9138"}],"curies":[{"name":"wp","href":"https:\/\/api.w.org\/{rel}","templated":true}]}}