{"id":8991,"date":"2024-11-26T09:59:07","date_gmt":"2024-11-26T08:59:07","guid":{"rendered":"https:\/\/familienhoerbuch.de\/?p=8991"},"modified":"2024-12-16T15:06:25","modified_gmt":"2024-12-16T14:06:25","slug":"schirmherrin","status":"publish","type":"post","link":"https:\/\/familienhoerbuch.de\/en\/schirmherrin\/","title":{"rendered":"Schirmherrin"},"content":{"rendered":"<div data-elementor-type=\"wp-post\" data-elementor-id=\"8991\" class=\"elementor elementor-8991\" data-elementor-post-type=\"post\">\n\t\t\t\t<div class=\"elementor-element elementor-element-5a387ae9 e-flex e-con-boxed e-con e-parent\" data-id=\"5a387ae9\" data-element_type=\"container\" data-e-type=\"container\">\n\t\t\t\t\t<div class=\"e-con-inner\">\n\t\t\t\t<div class=\"elementor-element elementor-element-62b51309 elementor-widget elementor-widget-text-editor\" data-id=\"62b51309\" data-element_type=\"widget\" data-e-type=\"widget\" data-widget_type=\"text-editor.default\">\n\t\t\t\t<div class=\"elementor-widget-container\">\n\t\t\t\t\t\t\t\t\t\n<p>Seit 25.11.2024 ist es offiziell: Elena Uhlig ist die Schirmherrin des Familienh\u00f6rbuchs. Die Schauspielerin, Autorin und Moderatorin engagiert sich seit November 2024 mit sehr viel Herz und Empathie f\u00fcr das Projekt. Gro\u00dfer Auftakt bildet die zugeh\u00f6rige Themenwoche auf ihrem Instagram-Kanal. Dort spricht sie nicht nur mit der Gr\u00fcnderin und Teammitgliedern, sondern auch mit Betroffenen, die aktuell ein H\u00f6rgeschenk eingesprochen haben und Angeh\u00f6rigen, die mit den Audioerinnerungen leben.<\/p>\n\n<p>Zur Schirmherrinnen-Seite: <a href=\"https:\/\/familienhoerbuch.de\/en\/unsere-schirmherrin\/\">anschauen<\/a><\/p>\n\t\t\t\t\t\t\t\t<\/div>\n\t\t\t\t<\/div>\n\t\t\t\t\t<\/div>\n\t\t\t\t<\/div>\n\t\t\t\t<\/div>","protected":false},"excerpt":{"rendered":"<p>Seit 25.11.2024 ist es offiziell: Elena Uhlig ist die Schirmherrin des Familienh\u00f6rbuchs. Die Schauspielerin, Autorin und Moderatorin engagiert sich seit November 2024 mit sehr viel Herz und Empathie f\u00fcr das Projekt. Gro\u00dfer Auftakt bildet die zugeh\u00f6rige Themenwoche auf ihrem Instagram-Kanal. Dort spricht sie nicht nur mit der Gr\u00fcnderin und Teammitgliedern, sondern auch mit Betroffenen, die [&hellip;]<\/p>","protected":false},"author":3,"featured_media":8996,"comment_status":"closed","ping_status":"","sticky":false,"template":"","format":"standard","meta":{"_acf_changed":false,"footnotes":""},"categories":[13,119],"tags":[270,171,271],"class_list":["post-8991","post","type-post","status-publish","format-standard","has-post-thumbnail","hentry","category-archiv","category-sonstiges","tag-elena-uhlig","tag-muenchen","tag-schirmherrin"],"acf":[],"_links":{"self":[{"href":"https:\/\/familienhoerbuch.de\/en\/wp-json\/wp\/v2\/posts\/8991","targetHints":{"allow":["GET"]}}],"collection":[{"href":"https:\/\/familienhoerbuch.de\/en\/wp-json\/wp\/v2\/posts"}],"about":[{"href":"https:\/\/familienhoerbuch.de\/en\/wp-json\/wp\/v2\/types\/post"}],"author":[{"embeddable":true,"href":"https:\/\/familienhoerbuch.de\/en\/wp-json\/wp\/v2\/users\/3"}],"replies":[{"embeddable":true,"href":"https:\/\/familienhoerbuch.de\/en\/wp-json\/wp\/v2\/comments?post=8991"}],"version-history":[{"count":0,"href":"https:\/\/familienhoerbuch.de\/en\/wp-json\/wp\/v2\/posts\/8991\/revisions"}],"wp:featuredmedia":[{"embeddable":true,"href":"https:\/\/familienhoerbuch.de\/en\/wp-json\/wp\/v2\/media\/8996"}],"wp:attachment":[{"href":"https:\/\/familienhoerbuch.de\/en\/wp-json\/wp\/v2\/media?parent=8991"}],"wp:term":[{"taxonomy":"category","embeddable":true,"href":"https:\/\/familienhoerbuch.de\/en\/wp-json\/wp\/v2\/categories?post=8991"},{"taxonomy":"post_tag","embeddable":true,"href":"https:\/\/familienhoerbuch.de\/en\/wp-json\/wp\/v2\/tags?post=8991"}],"curies":[{"name":"wp","href":"https:\/\/api.w.org\/{rel}","templated":true}]}}