{"id":8727,"date":"2024-11-18T15:14:48","date_gmt":"2024-11-18T14:14:48","guid":{"rendered":"https:\/\/familienhoerbuch.de\/?p=8727"},"modified":"2024-12-09T10:08:35","modified_gmt":"2024-12-09T09:08:35","slug":"erinnerungen-wachhalten","status":"publish","type":"post","link":"https:\/\/familienhoerbuch.de\/en\/erinnerungen-wachhalten\/","title":{"rendered":"Ewige Erinnerungen"},"content":{"rendered":"<div data-elementor-type=\"wp-post\" data-elementor-id=\"8727\" class=\"elementor elementor-8727\" data-elementor-post-type=\"post\">\n\t\t\t\t<div class=\"elementor-element elementor-element-5e1f31f1 e-flex e-con-boxed e-con e-parent\" data-id=\"5e1f31f1\" data-element_type=\"container\" data-e-type=\"container\">\n\t\t\t\t\t<div class=\"e-con-inner\">\n\t\t\t\t<div class=\"elementor-element elementor-element-493ae8ca elementor-widget elementor-widget-text-editor\" data-id=\"493ae8ca\" data-element_type=\"widget\" data-e-type=\"widget\" data-widget_type=\"text-editor.default\">\n\t\t\t\t<div class=\"elementor-widget-container\">\n\t\t\t\t\t\t\t\t\t<p>Als wir im September verk\u00fcnden mussten, dass wir keine weiteren Bewerbungen mehr annehmen k\u00f6nnen, da es an Spende fehlt, wurden wir von vielen Seiten unterst\u00fctzt. Auch Menschen, die bereits mit einem Familienh\u00f6rbuch leben, haben ihren Mut zusammengenommen und eigeninitativ Kontakt zu Medienvertretern hergestellt, damit das Familienh\u00f6rbuch bekannter wird. So auch Luise und Milli, die bereits im Februar einen wichtigen Menschen verloren haben. Er hat ihnen ein Familienh\u00f6rbuch hinterlassen und im Interview mit dem Schleswig-Holsteinischem Zeitungsverlag (SHZ) erz\u00e4hlen sie davon: <a href=\"https:\/\/www.shz.de\/lokales\/flensburg\/artikel\/familienhoerbuch-als-erinnerung-und-verstorbenes-elternteil-47974377\">lesen<\/a><\/p><p>Tipp: Der Artikel ist zwar hinter einer Bezahlschranke, aber in der Vorlesevariante ist er <span style=\"text-decoration: underline;\">kostenfrei<\/span>!<\/p>\t\t\t\t\t\t\t\t<\/div>\n\t\t\t\t<\/div>\n\t\t\t\t\t<\/div>\n\t\t\t\t<\/div>\n\t\t\t\t<\/div>","protected":false},"excerpt":{"rendered":"<p>Als wir im September verk\u00fcnden mussten, dass wir keine weiteren Bewerbungen mehr annehmen k\u00f6nnen, da es an Spenden fehlt, wurden wir von vielen Seiten unterst\u00fctzt. Auch Menschen, die bereits mit einem Familienh\u00f6rbuch leben, haben ihren Mut zusammengenommen und eigeninitativ Kontakt zu Medienvertretern hergestellt, damit das Familienh\u00f6rbuch bekannter wird. So auch Luise und Milli, die bereits [&hellip;]<\/p>","protected":false},"author":3,"featured_media":8728,"comment_status":"closed","ping_status":"","sticky":false,"template":"","format":"standard","meta":{"_acf_changed":false,"footnotes":""},"categories":[13,113],"tags":[258,79,68],"class_list":["post-8727","post","type-post","status-publish","format-standard","has-post-thumbnail","hentry","category-archiv","category-print-digital","tag-schleswig-holsteinischer-zeitungsverlag","tag-witwe","tag-zeitungsbericht"],"acf":[],"_links":{"self":[{"href":"https:\/\/familienhoerbuch.de\/en\/wp-json\/wp\/v2\/posts\/8727","targetHints":{"allow":["GET"]}}],"collection":[{"href":"https:\/\/familienhoerbuch.de\/en\/wp-json\/wp\/v2\/posts"}],"about":[{"href":"https:\/\/familienhoerbuch.de\/en\/wp-json\/wp\/v2\/types\/post"}],"author":[{"embeddable":true,"href":"https:\/\/familienhoerbuch.de\/en\/wp-json\/wp\/v2\/users\/3"}],"replies":[{"embeddable":true,"href":"https:\/\/familienhoerbuch.de\/en\/wp-json\/wp\/v2\/comments?post=8727"}],"version-history":[{"count":0,"href":"https:\/\/familienhoerbuch.de\/en\/wp-json\/wp\/v2\/posts\/8727\/revisions"}],"wp:featuredmedia":[{"embeddable":true,"href":"https:\/\/familienhoerbuch.de\/en\/wp-json\/wp\/v2\/media\/8728"}],"wp:attachment":[{"href":"https:\/\/familienhoerbuch.de\/en\/wp-json\/wp\/v2\/media?parent=8727"}],"wp:term":[{"taxonomy":"category","embeddable":true,"href":"https:\/\/familienhoerbuch.de\/en\/wp-json\/wp\/v2\/categories?post=8727"},{"taxonomy":"post_tag","embeddable":true,"href":"https:\/\/familienhoerbuch.de\/en\/wp-json\/wp\/v2\/tags?post=8727"}],"curies":[{"name":"wp","href":"https:\/\/api.w.org\/{rel}","templated":true}]}}