{"id":8679,"date":"2024-11-15T08:01:46","date_gmt":"2024-11-15T07:01:46","guid":{"rendered":"https:\/\/familienhoerbuch.de\/?p=8679"},"modified":"2024-12-06T14:56:09","modified_gmt":"2024-12-06T13:56:09","slug":"gute-nachrichten","status":"publish","type":"post","link":"https:\/\/familienhoerbuch.de\/en\/gute-nachrichten\/","title":{"rendered":"Gute Nachrichten"},"content":{"rendered":"<div data-elementor-type=\"wp-post\" data-elementor-id=\"8679\" class=\"elementor elementor-8679\" data-elementor-post-type=\"post\">\n\t\t\t\t<div class=\"elementor-element elementor-element-70fb7a19 e-flex e-con-boxed e-con e-parent\" data-id=\"70fb7a19\" data-element_type=\"container\" data-e-type=\"container\">\n\t\t\t\t\t<div class=\"e-con-inner\">\n\t\t\t\t<div class=\"elementor-element elementor-element-3c33832 elementor-widget elementor-widget-text-editor\" data-id=\"3c33832\" data-element_type=\"widget\" data-e-type=\"widget\" data-widget_type=\"text-editor.default\">\n\t\t\t\t<div class=\"elementor-widget-container\">\n\t\t\t\t\t\t\t\t\t<p>Wir starten ab sofort wieder mit der Produktion von neuen Familienh\u00f6rb\u00fcchern. Bewerber:innen k\u00f6nnen sich wie gewohnt via <a href=\"mailto:kontakt@familienhoerbuch.de\">kontakt@familienhoerbuch.de<\/a> melden und somit das Aufnahmeverfahren starten. Gleich 15 Pl\u00e4tze werden wie gewohnt gem\u00e4\u00df der Reihenfolge, in der sie eingehen, vergeben, weitere 5 Pl\u00e4tze sind f\u00fcr sehr dringende Anfragen (z.B. Hospizbewohner, Menschen in der Pr\u00e4finalphase) reserviert.<\/p><p>Es freut uns sehr, dass wir durch die gro\u00dfartige Unterst\u00fctzung von euch\/Ihnen noch vor Ablauf des Jahres wieder Fahrt aufnehmen d\u00fcrfen. Um nichts zu \u00fcberst\u00fcrzen und transparent zu bleiben, erstellen wir zuk\u00fcnftig eine \u00dcbersicht (demn\u00e4chst unter SPENDEN einsehbar), die aufzeigt, wie viel Budget noch zur Freigabe von jeweils 10 neu angefragten Familienh\u00f6rb\u00fcchern fehlt. Ist die Gesamtsumme erreicht, unabh\u00e4ngig von einem bestimmten Stichtag, startet deren Produktion. Alle zuk\u00fcnftigen Bewerbungen werden bis auf Weiteres gem\u00e4\u00df dieses Vorgehens behandelt.<\/p>\t\t\t\t\t\t\t\t<\/div>\n\t\t\t\t<\/div>\n\t\t\t\t\t<\/div>\n\t\t\t\t<\/div>\n\t\t\t\t<\/div>","protected":false},"excerpt":{"rendered":"<p>Wir starten ab sofort wieder mit der Produktion von neuen Familienh\u00f6rb\u00fcchern. Bewerber:innen k\u00f6nnen sich wie gewohnt via kontakt@familienhoerbuch.de melden und somit das Aufnahmeverfahren starten. Gleich 15 Pl\u00e4tze werden wie gewohnt gem\u00e4\u00df der Reihenfolge, in der sie eingehen, vergeben, weitere 5 Pl\u00e4tze sind f\u00fcr sehr dringende Anfragen (z.B. Hospizbewohner, Menschen in der Pr\u00e4finalphase) reserviert. Es freut [&hellip;]<\/p>","protected":false},"author":3,"featured_media":8684,"comment_status":"closed","ping_status":"","sticky":false,"template":"","format":"standard","meta":{"_acf_changed":false,"footnotes":""},"categories":[13,119],"tags":[257,256,254,255,253],"class_list":["post-8679","post","type-post","status-publish","format-standard","has-post-thumbnail","hentry","category-archiv","category-sonstiges","tag-audiobiografie","tag-bewerbungen","tag-gute-nachrichten","tag-neue-familienhoerbuecher","tag-start-stopp"],"acf":[],"_links":{"self":[{"href":"https:\/\/familienhoerbuch.de\/en\/wp-json\/wp\/v2\/posts\/8679","targetHints":{"allow":["GET"]}}],"collection":[{"href":"https:\/\/familienhoerbuch.de\/en\/wp-json\/wp\/v2\/posts"}],"about":[{"href":"https:\/\/familienhoerbuch.de\/en\/wp-json\/wp\/v2\/types\/post"}],"author":[{"embeddable":true,"href":"https:\/\/familienhoerbuch.de\/en\/wp-json\/wp\/v2\/users\/3"}],"replies":[{"embeddable":true,"href":"https:\/\/familienhoerbuch.de\/en\/wp-json\/wp\/v2\/comments?post=8679"}],"version-history":[{"count":0,"href":"https:\/\/familienhoerbuch.de\/en\/wp-json\/wp\/v2\/posts\/8679\/revisions"}],"wp:featuredmedia":[{"embeddable":true,"href":"https:\/\/familienhoerbuch.de\/en\/wp-json\/wp\/v2\/media\/8684"}],"wp:attachment":[{"href":"https:\/\/familienhoerbuch.de\/en\/wp-json\/wp\/v2\/media?parent=8679"}],"wp:term":[{"taxonomy":"category","embeddable":true,"href":"https:\/\/familienhoerbuch.de\/en\/wp-json\/wp\/v2\/categories?post=8679"},{"taxonomy":"post_tag","embeddable":true,"href":"https:\/\/familienhoerbuch.de\/en\/wp-json\/wp\/v2\/tags?post=8679"}],"curies":[{"name":"wp","href":"https:\/\/api.w.org\/{rel}","templated":true}]}}