{"id":8447,"date":"2024-10-29T08:36:42","date_gmt":"2024-10-29T07:36:42","guid":{"rendered":"https:\/\/familienhoerbuch.de\/?p=8447"},"modified":"2024-11-26T10:44:44","modified_gmt":"2024-11-26T09:44:44","slug":"wir-fuer-morgen-preis","status":"publish","type":"post","link":"https:\/\/familienhoerbuch.de\/en\/wir-fuer-morgen-preis\/","title":{"rendered":"Wir-f\u00fcr-morgen-Preis"},"content":{"rendered":"<p>Die Charity-Initiative \u201eWir f\u00fcr morgen\u201c (Union Investment) zeichnet seit 2022 gemeinn\u00fctzige Organisationen aus ganz Deutschland aus. Aus 240 Bewerbungen hatten es dieses Jahr 19 Organisationen auf die Longlist geschafft. Die Familienh\u00f6rbuch gGmbH durfte sich \u00fcber eine F\u00f6rderung in H\u00f6he von 20.000 Euro freuen.<\/p>\n<p>Die Preisverleihung fand am 28. Oktober im Frankfurter St\u00e4del Museum statt, moderiert von Sabrina Marggraf.\u201eIn einer Welt der Umbr\u00fcche ist soziales Engagement wichtiger denn je. Ihr Beitrag zur Schaffung eines besseren Morgens kann nicht hoch genug gesch\u00e4tzt werden\u201c, sagte Hans Joachim Reinke, Vorstandsvorsitzender von Union Investment und Schirmherr der Initiative, in seiner Er\u00f6ffnungsrede. Unter seinem Vorsitz hatte das Jury-Team, bestehend aus Schauspieler und Dokumentarfilmer Hannes Jaenicke (Kategorie Umwelt), Ex-Fu\u00dfballprofi und Stiftungsgr\u00fcnder Neven Subotic (Kategorie Soziales), \u201eNetzwerk-Chancen\u201c-Gr\u00fcnderin Natalya Nepomnyashcha (Kategorie Bildung) sowie einer Jugendjury (Nike Alina Varnhorn, Louisa Horras, Lea Schaba, Joshua Treppesch) die Gewinnerprojekte ausgew\u00e4hlt. <\/p>\n<p>Credit: Axel Gaube, Kaleidomania<\/p>","protected":false},"excerpt":{"rendered":"<p>Die Charity-Initiative \u201eWir f\u00fcr morgen\u201c (Union Investment) zeichnet seit 2022 gemeinn\u00fctzige Organisationen aus ganz Deutschland aus. Aus 240 Bewerbungen hatten es dieses Jahr 19 Organisationen auf die Longlist geschafft. Die Familienh\u00f6rbuch gGmbH durfte sich \u00fcber eine F\u00f6rderung in H\u00f6he von 20.000 Euro freuen. Die Preisverleihung fand am 28. Oktober im Frankfurter St\u00e4del Museum statt, moderiert [&hellip;]<\/p>","protected":false},"author":3,"featured_media":8448,"comment_status":"closed","ping_status":"","sticky":false,"template":"","format":"standard","meta":{"_acf_changed":false,"footnotes":""},"categories":[13,207],"tags":[85,30,245,41,244],"class_list":["post-8447","post","type-post","status-publish","format-standard","has-post-thumbnail","hentry","category-archiv","category-nominierungen-auszeichnungen","tag-charity","tag-frankfurt","tag-neven-subotic","tag-preisverleihung","tag-union-investment"],"acf":[],"_links":{"self":[{"href":"https:\/\/familienhoerbuch.de\/en\/wp-json\/wp\/v2\/posts\/8447","targetHints":{"allow":["GET"]}}],"collection":[{"href":"https:\/\/familienhoerbuch.de\/en\/wp-json\/wp\/v2\/posts"}],"about":[{"href":"https:\/\/familienhoerbuch.de\/en\/wp-json\/wp\/v2\/types\/post"}],"author":[{"embeddable":true,"href":"https:\/\/familienhoerbuch.de\/en\/wp-json\/wp\/v2\/users\/3"}],"replies":[{"embeddable":true,"href":"https:\/\/familienhoerbuch.de\/en\/wp-json\/wp\/v2\/comments?post=8447"}],"version-history":[{"count":0,"href":"https:\/\/familienhoerbuch.de\/en\/wp-json\/wp\/v2\/posts\/8447\/revisions"}],"wp:featuredmedia":[{"embeddable":true,"href":"https:\/\/familienhoerbuch.de\/en\/wp-json\/wp\/v2\/media\/8448"}],"wp:attachment":[{"href":"https:\/\/familienhoerbuch.de\/en\/wp-json\/wp\/v2\/media?parent=8447"}],"wp:term":[{"taxonomy":"category","embeddable":true,"href":"https:\/\/familienhoerbuch.de\/en\/wp-json\/wp\/v2\/categories?post=8447"},{"taxonomy":"post_tag","embeddable":true,"href":"https:\/\/familienhoerbuch.de\/en\/wp-json\/wp\/v2\/tags?post=8447"}],"curies":[{"name":"wp","href":"https:\/\/api.w.org\/{rel}","templated":true}]}}