{"id":8413,"date":"2024-10-22T16:35:34","date_gmt":"2024-10-22T14:35:34","guid":{"rendered":"https:\/\/familienhoerbuch.de\/?p=8413"},"modified":"2024-11-18T15:24:35","modified_gmt":"2024-11-18T14:24:35","slug":"sterben-rette-sich-wer-kann","status":"publish","type":"post","link":"https:\/\/familienhoerbuch.de\/en\/sterben-rette-sich-wer-kann\/","title":{"rendered":"Sterben? \u2013 Rette sich wer kann!"},"content":{"rendered":"<div data-elementor-type=\"wp-post\" data-elementor-id=\"8413\" class=\"elementor elementor-8413\" data-elementor-post-type=\"post\">\n\t\t\t\t<div class=\"elementor-element elementor-element-25284907 e-flex e-con-boxed e-con e-parent\" data-id=\"25284907\" data-element_type=\"container\" data-e-type=\"container\">\n\t\t\t\t\t<div class=\"e-con-inner\">\n\t\t\t\t<div class=\"elementor-element elementor-element-278cbf02 elementor-widget elementor-widget-text-editor\" data-id=\"278cbf02\" data-element_type=\"widget\" data-e-type=\"widget\" data-widget_type=\"text-editor.default\">\n\t\t\t\t<div class=\"elementor-widget-container\">\n\t\t\t\t\t\t\t\t\t<p>Am 18. Oktober fand der erste Hospiz- und Palliativtag in Westerstede statt. Unter dem Schwerpunkt \u201eHospiz- und Palliativversorgung im Spannungsfeld des selbstbestimmten Sterbens\u201c kamen unterschiedlichste Experten zusammen und boten Vortr\u00e4ge und Workshops an. F\u00fcr das Familienh\u00f6rbuch war Audiobiografin <a href=\"https:\/\/familienhoerbuch.de\/en\/team\/carola-schede\/\">Carola Schede<\/a> vor Ort und sensibilisierte f\u00fcr das Thema Audiobiografie. Die Friesin (H\u00f6rfunk \u2013 und Fernsehjournalistin, Host \u201eGezeitenpodcast\u201c) ist schon lange Teil des Familienh\u00f6rbuchteams und tr\u00e4gt das Projekt engagiert mit hinaus in die Welt<\/p>\t\t\t\t\t\t\t\t<\/div>\n\t\t\t\t<\/div>\n\t\t\t\t\t<\/div>\n\t\t\t\t<\/div>\n\t\t\t\t<\/div>","protected":false},"excerpt":{"rendered":"<p>Am 18. Oktober fand der erste Hospiz- und Palliativtag in Westerstede statt. Unter dem Schwerpunkt \u201eHospiz- und Palliativversorgung im Spannungsfeld des selbstbestimmten Sterbens\u201c kamen unterschiedlichste Experten zusammen und boten Vortr\u00e4ge und Workshops an. F\u00fcr das Familienh\u00f6rbuch war Audiobiografin Carola Schede vor Ort und sensibilisierte f\u00fcr das Thema Audiobiografie. Die Friesin (H\u00f6rfunk \u2013 und Fernsehjournalistin, Host [&hellip;]<\/p>","protected":false},"author":3,"featured_media":8414,"comment_status":"closed","ping_status":"","sticky":false,"template":"","format":"standard","meta":{"_acf_changed":false,"footnotes":""},"categories":[13,116],"tags":[88,243,53,222,91,92],"class_list":["post-8413","post","type-post","status-publish","format-standard","has-post-thumbnail","hentry","category-archiv","category-veranstaltungen","tag-ammerland","tag-carola-schede","tag-hospiz","tag-palliativ","tag-vortrag","tag-westerstede"],"acf":[],"_links":{"self":[{"href":"https:\/\/familienhoerbuch.de\/en\/wp-json\/wp\/v2\/posts\/8413","targetHints":{"allow":["GET"]}}],"collection":[{"href":"https:\/\/familienhoerbuch.de\/en\/wp-json\/wp\/v2\/posts"}],"about":[{"href":"https:\/\/familienhoerbuch.de\/en\/wp-json\/wp\/v2\/types\/post"}],"author":[{"embeddable":true,"href":"https:\/\/familienhoerbuch.de\/en\/wp-json\/wp\/v2\/users\/3"}],"replies":[{"embeddable":true,"href":"https:\/\/familienhoerbuch.de\/en\/wp-json\/wp\/v2\/comments?post=8413"}],"version-history":[{"count":0,"href":"https:\/\/familienhoerbuch.de\/en\/wp-json\/wp\/v2\/posts\/8413\/revisions"}],"wp:featuredmedia":[{"embeddable":true,"href":"https:\/\/familienhoerbuch.de\/en\/wp-json\/wp\/v2\/media\/8414"}],"wp:attachment":[{"href":"https:\/\/familienhoerbuch.de\/en\/wp-json\/wp\/v2\/media?parent=8413"}],"wp:term":[{"taxonomy":"category","embeddable":true,"href":"https:\/\/familienhoerbuch.de\/en\/wp-json\/wp\/v2\/categories?post=8413"},{"taxonomy":"post_tag","embeddable":true,"href":"https:\/\/familienhoerbuch.de\/en\/wp-json\/wp\/v2\/tags?post=8413"}],"curies":[{"name":"wp","href":"https:\/\/api.w.org\/{rel}","templated":true}]}}