{"id":8407,"date":"2024-10-22T08:47:44","date_gmt":"2024-10-22T06:47:44","guid":{"rendered":"https:\/\/familienhoerbuch.de\/?p=8407"},"modified":"2024-11-18T15:23:45","modified_gmt":"2024-11-18T14:23:45","slug":"schatz-fuer-die-zukunft","status":"publish","type":"post","link":"https:\/\/familienhoerbuch.de\/en\/schatz-fuer-die-zukunft\/","title":{"rendered":"Schatz f\u00fcr die Zukunft"},"content":{"rendered":"<div data-elementor-type=\"wp-post\" data-elementor-id=\"8407\" class=\"elementor elementor-8407\" data-elementor-post-type=\"post\">\n\t\t\t\t<div class=\"elementor-element elementor-element-17fb18d9 e-flex e-con-boxed e-con e-parent\" data-id=\"17fb18d9\" data-element_type=\"container\" data-e-type=\"container\">\n\t\t\t\t\t<div class=\"e-con-inner\">\n\t\t\t\t<div class=\"elementor-element elementor-element-7f9d361e elementor-widget elementor-widget-text-editor\" data-id=\"7f9d361e\" data-element_type=\"widget\" data-e-type=\"widget\" data-widget_type=\"text-editor.default\">\n\t\t\t\t<div class=\"elementor-widget-container\">\n\t\t\t\t\t\t\t\t\t<p>In der aktuellen Ausgabe des Wiefelsteder (19.10.2024) findet sich ein ausf\u00fchrlicher Bericht \u00fcber das Familienh\u00f6rbuch. Hierzu wurden Carola Schede (Audiobiografin) und Projektteilnehmerin Dr. Kirsten R\u00f6ssing befragt. Spannend: Kirsten unterstreicht, dass die Arbeit mit der Audiobiografin dazu gef\u00fchrt habe, dass sie aus der krankheitsbedingten Negativspirale erstmals wieder aussteigen konnte. Was f\u00fcr ein Geschenk!<\/p><p>Zum Artikel: <a href=\"http:\/\/www.derwiefelsteder.de\/reader\/index.php?id=5542&amp;uuid=67120e1a6de9e\">jetzt lesen<\/a><\/p>\t\t\t\t\t\t\t\t<\/div>\n\t\t\t\t<\/div>\n\t\t\t\t\t<\/div>\n\t\t\t\t<\/div>\n\t\t\t\t<\/div>","protected":false},"excerpt":{"rendered":"<p>In der aktuellen Ausgabe des Wiefelsteder (19.10.2024) findet sich ein ausf\u00fchrlicher Bericht \u00fcber das Familienh\u00f6rbuch. Hierzu wurden Carola Schede (Audiobiografin) und Projektteilnehmerin Dr. Kirsten R\u00f6ssing befragt. Spannend: Kirsten unterstreicht, dass die Arbeit mit der Audiobiografin dazu gef\u00fchrt habe, dass sie aus der krankheitsbedingten Negativspirale erstmals wieder aussteigen konnte. Was f\u00fcr ein Geschenk! Zum Artikel: jetzt [&hellip;]<\/p>","protected":false},"author":3,"featured_media":8408,"comment_status":"closed","ping_status":"","sticky":false,"template":"","format":"standard","meta":{"_acf_changed":false,"footnotes":""},"categories":[13,113],"tags":[127,243,242,48,68],"class_list":["post-8407","post","type-post","status-publish","format-standard","has-post-thumbnail","hentry","category-archiv","category-print-digital","tag-audiobiografin","tag-carola-schede","tag-hofgut-mollberg","tag-projektteilnehmerin","tag-zeitungsbericht"],"acf":[],"_links":{"self":[{"href":"https:\/\/familienhoerbuch.de\/en\/wp-json\/wp\/v2\/posts\/8407","targetHints":{"allow":["GET"]}}],"collection":[{"href":"https:\/\/familienhoerbuch.de\/en\/wp-json\/wp\/v2\/posts"}],"about":[{"href":"https:\/\/familienhoerbuch.de\/en\/wp-json\/wp\/v2\/types\/post"}],"author":[{"embeddable":true,"href":"https:\/\/familienhoerbuch.de\/en\/wp-json\/wp\/v2\/users\/3"}],"replies":[{"embeddable":true,"href":"https:\/\/familienhoerbuch.de\/en\/wp-json\/wp\/v2\/comments?post=8407"}],"version-history":[{"count":0,"href":"https:\/\/familienhoerbuch.de\/en\/wp-json\/wp\/v2\/posts\/8407\/revisions"}],"wp:featuredmedia":[{"embeddable":true,"href":"https:\/\/familienhoerbuch.de\/en\/wp-json\/wp\/v2\/media\/8408"}],"wp:attachment":[{"href":"https:\/\/familienhoerbuch.de\/en\/wp-json\/wp\/v2\/media?parent=8407"}],"wp:term":[{"taxonomy":"category","embeddable":true,"href":"https:\/\/familienhoerbuch.de\/en\/wp-json\/wp\/v2\/categories?post=8407"},{"taxonomy":"post_tag","embeddable":true,"href":"https:\/\/familienhoerbuch.de\/en\/wp-json\/wp\/v2\/tags?post=8407"}],"curies":[{"name":"wp","href":"https:\/\/api.w.org\/{rel}","templated":true}]}}