{"id":8360,"date":"2024-10-14T14:47:03","date_gmt":"2024-10-14T12:47:03","guid":{"rendered":"https:\/\/familienhoerbuch.de\/?p=8360"},"modified":"2024-11-07T10:03:03","modified_gmt":"2024-11-07T09:03:03","slug":"fabelduft-und-blendeliebe-sammeln","status":"publish","type":"post","link":"https:\/\/familienhoerbuch.de\/en\/fabelduft-und-blendeliebe-sammeln\/","title":{"rendered":"Instagram-Nutzer sammeln"},"content":{"rendered":"<p>Die Sozialen Medien sp\u00fclen uns viele Bewerber:innen ins Haus, aber auch Unterst\u00fctzende! Aktuell setzt sich via Instagram beispielsweise Linda (@fabelduft) f\u00fcr uns ein. Sie nutzt einen Teil des Erl\u00f6ses aus dem Verkauf von handgemachten Seifen, um jedes Jahr gemeinn\u00fctzigen Organisationen finanziell unter die Arme greifen zu k\u00f6nnen. Dieses Jahr ist das Familienh\u00f6rbuch das Spendenziel. Sie unterstreicht: \u201eViele wissen nicht, wie wichtig eine Stimme ist, bis sie nicht mehr da ist. Mein Papa ist 2011 verstorben und ich wei\u00df leider nicht mehr, wie seine Stimme klang. Daher liegt es mir doch ein St\u00fcck weit besonders am Herzen.&#8220;<br \/>\nAuch Sophie aus Vierkirchen (@blendenliebe) setzt sich f\u00fcr uns ein. 10 Prozent des Erl\u00f6ses aus den Verk\u00e4ufen ihres 2025er Kalenders \u201eMemories\u201c gehen an uns. \u201eIch bin selbst Mama von zwei kleinen Kindern und falls ich einmal so krank sein sollte, w\u00fcrde ich mir das f\u00fcr meine Kinder w\u00fcnschen. Eine Erinnerung mit meiner Stimme, so ein wunderbares und kostbares Geschenk&#8220;, sagt sie.<\/p>","protected":false},"excerpt":{"rendered":"<p>Die Sozialen Medien sp\u00fclen uns viele Bewerber:innen ins Haus, aber auch Unterst\u00fctzende! Aktuell setzt sich via Instagram beispielsweise Linda (@fabelduft) f\u00fcr uns ein. Sie nutzt einen Teil des Erl\u00f6ses aus dem Verkauf von handgemachten Seifen, um jedes Jahr gemeinn\u00fctzigen Organisationen finanziell unter die Arme greifen zu k\u00f6nnen. Dieses Jahr ist das Familienh\u00f6rbuch das Spendenziel. Sie [&hellip;]<\/p>","protected":false},"author":3,"featured_media":8361,"comment_status":"closed","ping_status":"","sticky":false,"template":"","format":"standard","meta":{"_acf_changed":false,"footnotes":""},"categories":[13,115],"tags":[134,237,238,239,87],"class_list":["post-8360","post","type-post","status-publish","format-standard","has-post-thumbnail","hentry","category-archiv","category-spenden","tag-instagram","tag-kalender","tag-seife","tag-spenden-sammeln","tag-spendenaktion"],"acf":[],"_links":{"self":[{"href":"https:\/\/familienhoerbuch.de\/en\/wp-json\/wp\/v2\/posts\/8360","targetHints":{"allow":["GET"]}}],"collection":[{"href":"https:\/\/familienhoerbuch.de\/en\/wp-json\/wp\/v2\/posts"}],"about":[{"href":"https:\/\/familienhoerbuch.de\/en\/wp-json\/wp\/v2\/types\/post"}],"author":[{"embeddable":true,"href":"https:\/\/familienhoerbuch.de\/en\/wp-json\/wp\/v2\/users\/3"}],"replies":[{"embeddable":true,"href":"https:\/\/familienhoerbuch.de\/en\/wp-json\/wp\/v2\/comments?post=8360"}],"version-history":[{"count":0,"href":"https:\/\/familienhoerbuch.de\/en\/wp-json\/wp\/v2\/posts\/8360\/revisions"}],"wp:featuredmedia":[{"embeddable":true,"href":"https:\/\/familienhoerbuch.de\/en\/wp-json\/wp\/v2\/media\/8361"}],"wp:attachment":[{"href":"https:\/\/familienhoerbuch.de\/en\/wp-json\/wp\/v2\/media?parent=8360"}],"wp:term":[{"taxonomy":"category","embeddable":true,"href":"https:\/\/familienhoerbuch.de\/en\/wp-json\/wp\/v2\/categories?post=8360"},{"taxonomy":"post_tag","embeddable":true,"href":"https:\/\/familienhoerbuch.de\/en\/wp-json\/wp\/v2\/tags?post=8360"}],"curies":[{"name":"wp","href":"https:\/\/api.w.org\/{rel}","templated":true}]}}