{"id":8357,"date":"2024-10-14T14:21:49","date_gmt":"2024-10-14T12:21:49","guid":{"rendered":"https:\/\/familienhoerbuch.de\/?p=8357"},"modified":"2024-10-31T14:47:24","modified_gmt":"2024-10-31T13:47:24","slug":"vortrag-in-kulmbach","status":"publish","type":"post","link":"https:\/\/familienhoerbuch.de\/en\/vortrag-in-kulmbach\/","title":{"rendered":"Vortrag in Kulmbach"},"content":{"rendered":"<p>Unter dem Motto \u201eWir lieben das Leben\u201c organisierte Silke Kress (Selbsthilfegruppe Kulmbach) am 12. Oktober ein abwechslungsreiches Event zum Thema \u201eLeben und \u00fcberleben mit Krebs\u201c. Der Thementag war gut besucht und beispielsweise auch Vertretende von Pink Ribbon Deutschland vor Ort.<br \/>\nDas Familienh\u00f6rbuch wurde durch Nadja Seipel (Projektteilnehmerin) repr\u00e4sentiert. Sie lud zu einem Vortrag inklusive Kurzfilm \u00fcber das Projekt ein und gew\u00e4hrte intime Einblicke in die ganz pers\u00f6nliche Sicht als Mutter mit palliativer Diagnose. Sie hat f\u00fcr ihre Tochter ein H\u00f6rgeschenk eingesprochen und tr\u00e4gt die Idee nun weiter.<\/p>","protected":false},"excerpt":{"rendered":"<p>Unter dem Motto \u201eWir lieben das Leben\u201c organisierte Silke Kress (Selbsthilfegruppe Kulmbach) am 12. Oktober ein abwechslungsreiches Event zum Thema \u201eLeben und \u00fcberleben mit Krebs\u201c. Der Thementag war gut besucht und beispielsweise auch Vertretende von Pink Ribbon Deutschland vor Ort. Das Familienh\u00f6rbuch wurde durch Nadja Seipel (Projektteilnehmerin) repr\u00e4sentiert. Sie lud zu einem Vortrag inklusive Kurzfilm [&hellip;]<\/p>","protected":false},"author":3,"featured_media":8358,"comment_status":"closed","ping_status":"","sticky":false,"template":"","format":"standard","meta":{"_acf_changed":false,"footnotes":""},"categories":[13,119],"tags":[236,234,48,235,91],"class_list":["post-8357","post","type-post","status-publish","format-standard","has-post-thumbnail","hentry","category-archiv","category-sonstiges","tag-kress","tag-kulmbach","tag-projektteilnehmerin","tag-selbsthilfe","tag-vortrag"],"acf":[],"_links":{"self":[{"href":"https:\/\/familienhoerbuch.de\/en\/wp-json\/wp\/v2\/posts\/8357","targetHints":{"allow":["GET"]}}],"collection":[{"href":"https:\/\/familienhoerbuch.de\/en\/wp-json\/wp\/v2\/posts"}],"about":[{"href":"https:\/\/familienhoerbuch.de\/en\/wp-json\/wp\/v2\/types\/post"}],"author":[{"embeddable":true,"href":"https:\/\/familienhoerbuch.de\/en\/wp-json\/wp\/v2\/users\/3"}],"replies":[{"embeddable":true,"href":"https:\/\/familienhoerbuch.de\/en\/wp-json\/wp\/v2\/comments?post=8357"}],"version-history":[{"count":0,"href":"https:\/\/familienhoerbuch.de\/en\/wp-json\/wp\/v2\/posts\/8357\/revisions"}],"wp:featuredmedia":[{"embeddable":true,"href":"https:\/\/familienhoerbuch.de\/en\/wp-json\/wp\/v2\/media\/8358"}],"wp:attachment":[{"href":"https:\/\/familienhoerbuch.de\/en\/wp-json\/wp\/v2\/media?parent=8357"}],"wp:term":[{"taxonomy":"category","embeddable":true,"href":"https:\/\/familienhoerbuch.de\/en\/wp-json\/wp\/v2\/categories?post=8357"},{"taxonomy":"post_tag","embeddable":true,"href":"https:\/\/familienhoerbuch.de\/en\/wp-json\/wp\/v2\/tags?post=8357"}],"curies":[{"name":"wp","href":"https:\/\/api.w.org\/{rel}","templated":true}]}}