{"id":7834,"date":"2024-10-07T12:11:51","date_gmt":"2024-10-07T10:11:51","guid":{"rendered":"https:\/\/websplash.familienhoerbuch.de\/?p=7834"},"modified":"2024-10-22T16:39:58","modified_gmt":"2024-10-22T14:39:58","slug":"aktuell-im-blick-in-die-kirche-magazin","status":"publish","type":"post","link":"https:\/\/familienhoerbuch.de\/en\/aktuell-im-blick-in-die-kirche-magazin\/","title":{"rendered":"Im \u201eblick in die kirche\u201c-Magazin"},"content":{"rendered":"<p>ERINNERE DICH, das ist das Titelthema der Herbstausgabe, die die Evangelischen Kirche von Kurhessen-Waldeck als Printversion (Beilage in den Tageszeitungen) und als e-Paper herausbringt. Im Artikel kommt eine 37-j\u00e4hrige Projektteilnehmerin vom Familienh\u00f6rbuch zu Wort, die von ihrer schweren Krebserkrankung berichtet und von dem Weg, den sie ganz bewusst gew\u00e4hlt hat, um ihre Lebensgeschichte zu hinterlassen.<\/p>\n\n\n\n<p><a href=\"https:\/\/medien.blickindiekirche.de\/epaper\/magazin\/epaper-blick_magazin_okt24\/#0\">e-Paper<\/a><\/p>\n\n\n\n<p><\/p>","protected":false},"excerpt":{"rendered":"<p>ERINNERE DICH, das ist das Titelthema der Herbstausgabe, die die Evangelischen Kirche von Kurhessen-Waldeck als Printversion (Beilage in den Tageszeitungen) und als e-Paper herausbringt. Im Artikel kommt eine 37-j\u00e4hrige Projektteilnehmerin vom Familienh\u00f6rbuch zu Wort, die von ihrer schweren Krebserkrankung berichtet und von dem Weg, den sie ganz bewusst gew\u00e4hlt hat, um ihre Lebensgeschichte zu hinterlassen. [&hellip;]<\/p>","protected":false},"author":3,"featured_media":7835,"comment_status":"closed","ping_status":"","sticky":false,"template":"","format":"standard","meta":{"_acf_changed":false,"footnotes":""},"categories":[13,113],"tags":[228,229,230,32,231,48,232],"class_list":["post-7834","post","type-post","status-publish","format-standard","has-post-thumbnail","hentry","category-archiv","category-print-digital","tag-blick-in-die-kirche","tag-evangelisch","tag-kirchenmagazin","tag-krebs","tag-kurhessen","tag-projektteilnehmerin","tag-waldeck"],"acf":[],"_links":{"self":[{"href":"https:\/\/familienhoerbuch.de\/en\/wp-json\/wp\/v2\/posts\/7834","targetHints":{"allow":["GET"]}}],"collection":[{"href":"https:\/\/familienhoerbuch.de\/en\/wp-json\/wp\/v2\/posts"}],"about":[{"href":"https:\/\/familienhoerbuch.de\/en\/wp-json\/wp\/v2\/types\/post"}],"author":[{"embeddable":true,"href":"https:\/\/familienhoerbuch.de\/en\/wp-json\/wp\/v2\/users\/3"}],"replies":[{"embeddable":true,"href":"https:\/\/familienhoerbuch.de\/en\/wp-json\/wp\/v2\/comments?post=7834"}],"version-history":[{"count":0,"href":"https:\/\/familienhoerbuch.de\/en\/wp-json\/wp\/v2\/posts\/7834\/revisions"}],"wp:featuredmedia":[{"embeddable":true,"href":"https:\/\/familienhoerbuch.de\/en\/wp-json\/wp\/v2\/media\/7835"}],"wp:attachment":[{"href":"https:\/\/familienhoerbuch.de\/en\/wp-json\/wp\/v2\/media?parent=7834"}],"wp:term":[{"taxonomy":"category","embeddable":true,"href":"https:\/\/familienhoerbuch.de\/en\/wp-json\/wp\/v2\/categories?post=7834"},{"taxonomy":"post_tag","embeddable":true,"href":"https:\/\/familienhoerbuch.de\/en\/wp-json\/wp\/v2\/tags?post=7834"}],"curies":[{"name":"wp","href":"https:\/\/api.w.org\/{rel}","templated":true}]}}