{"id":7275,"date":"2024-09-17T07:42:20","date_gmt":"2024-09-17T06:42:20","guid":{"rendered":"https:\/\/familienhoerbuch.de\/?p=6157"},"modified":"2026-04-28T16:09:43","modified_gmt":"2026-04-28T14:09:43","slug":"palliativ-detektiv-podcast","status":"publish","type":"post","link":"https:\/\/familienhoerbuch.de\/en\/palliativ-detektiv-podcast\/","title":{"rendered":"Palliativ.Detektiv Podcast"},"content":{"rendered":"<p>Host Chantal Giehl spricht in Folge 51 ihres Podcasts mit Judith Gr\u00fcmmer \u00fcber das Familienh\u00f6rbuch. F\u00fcr beide ist klar, dass Palliativversorgung kein Tabu-Thema sein sollte. Giehl widmet sich seit l\u00e4ngerem der Aufgabe, n\u00fctzliche Informationen und Wissenswertes rund um die verschiedenen Themen in diesem Bereich unter die Lupe zu nehmen. Sie verdeutlicht gemeinsam mit ihren Gespr\u00e4chspartner:innen, dass Palliativ Care zum Leben dazugeh\u00f6rt.<\/p>\n\n\n\n<p>Zur aktuellen Folge: <a href=\"https:\/\/open.spotify.com\/episode\/5uouFUIhWt6XDrJjp7gxbo\">anh\u00f6ren<\/a><\/p>\n\n\n\n<p><\/p>\n\n\n\n<p><\/p>\n\n\n\n<p><\/p>","protected":false},"excerpt":{"rendered":"<p>Host Chantal Giehl spricht in Folge 51 ihres Podcasts mit Judith Gr\u00fcmmer \u00fcber das Familienh\u00f6rbuch. F\u00fcr beide ist klar, dass Palliativversorgung kein Tabu-Thema sein sollte. Giehl widmet sich seit l\u00e4ngerem der Aufgabe, n\u00fctzliche Informationen und Wissenswertes rund um die verschiedenen Themen in diesem Bereich unter die Lupe zu nehmen. Sie verdeutlicht gemeinsam mit ihren Gespr\u00e4chspartner:innen, [&hellip;]<\/p>","protected":false},"author":3,"featured_media":7276,"comment_status":"closed","ping_status":"open","sticky":false,"template":"","format":"standard","meta":{"_acf_changed":false,"footnotes":""},"categories":[13,114],"tags":[220,221,148,222,34],"class_list":["post-7275","post","type-post","status-publish","format-standard","has-post-thumbnail","hentry","category-archiv","category-podcast","tag-care","tag-giehl","tag-gruemmer","tag-palliativ","tag-podcast"],"acf":[],"_links":{"self":[{"href":"https:\/\/familienhoerbuch.de\/en\/wp-json\/wp\/v2\/posts\/7275","targetHints":{"allow":["GET"]}}],"collection":[{"href":"https:\/\/familienhoerbuch.de\/en\/wp-json\/wp\/v2\/posts"}],"about":[{"href":"https:\/\/familienhoerbuch.de\/en\/wp-json\/wp\/v2\/types\/post"}],"author":[{"embeddable":true,"href":"https:\/\/familienhoerbuch.de\/en\/wp-json\/wp\/v2\/users\/3"}],"replies":[{"embeddable":true,"href":"https:\/\/familienhoerbuch.de\/en\/wp-json\/wp\/v2\/comments?post=7275"}],"version-history":[{"count":1,"href":"https:\/\/familienhoerbuch.de\/en\/wp-json\/wp\/v2\/posts\/7275\/revisions"}],"predecessor-version":[{"id":15258,"href":"https:\/\/familienhoerbuch.de\/en\/wp-json\/wp\/v2\/posts\/7275\/revisions\/15258"}],"wp:featuredmedia":[{"embeddable":true,"href":"https:\/\/familienhoerbuch.de\/en\/wp-json\/wp\/v2\/media\/7276"}],"wp:attachment":[{"href":"https:\/\/familienhoerbuch.de\/en\/wp-json\/wp\/v2\/media?parent=7275"}],"wp:term":[{"taxonomy":"category","embeddable":true,"href":"https:\/\/familienhoerbuch.de\/en\/wp-json\/wp\/v2\/categories?post=7275"},{"taxonomy":"post_tag","embeddable":true,"href":"https:\/\/familienhoerbuch.de\/en\/wp-json\/wp\/v2\/tags?post=7275"}],"curies":[{"name":"wp","href":"https:\/\/api.w.org\/{rel}","templated":true}]}}