{"id":6086,"date":"2024-09-09T14:26:17","date_gmt":"2024-09-09T13:26:17","guid":{"rendered":"https:\/\/familienhoerbuch.de\/?p=6086"},"modified":"2024-10-22T16:41:05","modified_gmt":"2024-10-22T14:41:05","slug":"isalohner-sammeln-fuer-den-guten-zweck","status":"publish","type":"post","link":"https:\/\/familienhoerbuch.de\/en\/isalohner-sammeln-fuer-den-guten-zweck\/","title":{"rendered":"Iserlohner sammeln f\u00fcr den guten Zweck"},"content":{"rendered":"<p>Hannah und Matthias Imhoff, die Inhaber von H\u00f6rkunst, feiern am 25. Oktober das f\u00fcnfj\u00e4hrige Bestehen ihrer H\u00f6rger\u00e4takustik. Die Iserlohner Malerin Doris Manzke stellt an diesem Tag einige Ihrer Kunstwerke zur Verf\u00fcgung, damit diese im Rahmen der Festlichkeit f\u00fcr einen guten Zweck versteigert werden k\u00f6nnen. Zugute kommt der Erl\u00f6s dem Herzensprojekt der H\u00f6rger\u00e4takustik-Inhaber: dem Familienh\u00f6rbuch.<\/p>\n\n\n\n<p>Zur Ank\u00fcndigung: <a href=\"https:\/\/hoerkunst.net\/hoerkunst-wird-5-jahre-alt\/\">mehr erfahren<\/a><\/p>","protected":false},"excerpt":{"rendered":"<p>Hannah und Matthias Imhoff, die Inhaber von H\u00f6rkunst, feiern am 25. Oktober das f\u00fcnfj\u00e4hrige Bestehen ihrer H\u00f6rger\u00e4takustik. Die Iserlohner Malerin Doris Manzke stellt an diesem Tag einige Ihrer Kunstwerke zur Verf\u00fcgung, damit diese im Rahmen der Festlichkeit f\u00fcr einen guten Zweck versteigert werden k\u00f6nnen. Zugute kommt der Erl\u00f6s dem Herzensprojekt der H\u00f6rger\u00e4takustik-Inhaber: dem Familienh\u00f6rbuch. Zur [&hellip;]<\/p>","protected":false},"author":3,"featured_media":6089,"comment_status":"closed","ping_status":"open","sticky":false,"template":"","format":"standard","meta":{"_acf_changed":false,"footnotes":""},"categories":[13,115],"tags":[103,104,105,106,107,108],"class_list":["post-6086","post","type-post","status-publish","format-standard","has-post-thumbnail","hentry","category-archiv","category-spenden","tag-hoergeraet","tag-hoergeraetakustik","tag-isalohn","tag-malerin","tag-manzke","tag-versteigerung"],"acf":[],"_links":{"self":[{"href":"https:\/\/familienhoerbuch.de\/en\/wp-json\/wp\/v2\/posts\/6086","targetHints":{"allow":["GET"]}}],"collection":[{"href":"https:\/\/familienhoerbuch.de\/en\/wp-json\/wp\/v2\/posts"}],"about":[{"href":"https:\/\/familienhoerbuch.de\/en\/wp-json\/wp\/v2\/types\/post"}],"author":[{"embeddable":true,"href":"https:\/\/familienhoerbuch.de\/en\/wp-json\/wp\/v2\/users\/3"}],"replies":[{"embeddable":true,"href":"https:\/\/familienhoerbuch.de\/en\/wp-json\/wp\/v2\/comments?post=6086"}],"version-history":[{"count":0,"href":"https:\/\/familienhoerbuch.de\/en\/wp-json\/wp\/v2\/posts\/6086\/revisions"}],"wp:featuredmedia":[{"embeddable":true,"href":"https:\/\/familienhoerbuch.de\/en\/wp-json\/wp\/v2\/media\/6089"}],"wp:attachment":[{"href":"https:\/\/familienhoerbuch.de\/en\/wp-json\/wp\/v2\/media?parent=6086"}],"wp:term":[{"taxonomy":"category","embeddable":true,"href":"https:\/\/familienhoerbuch.de\/en\/wp-json\/wp\/v2\/categories?post=6086"},{"taxonomy":"post_tag","embeddable":true,"href":"https:\/\/familienhoerbuch.de\/en\/wp-json\/wp\/v2\/tags?post=6086"}],"curies":[{"name":"wp","href":"https:\/\/api.w.org\/{rel}","templated":true}]}}