{"id":6073,"date":"2024-09-04T10:07:12","date_gmt":"2024-09-04T09:07:12","guid":{"rendered":"https:\/\/familienhoerbuch.de\/?p=6073"},"modified":"2024-10-22T16:41:41","modified_gmt":"2024-10-22T14:41:41","slug":"worum-es-im-leben-geht","status":"publish","type":"post","link":"https:\/\/familienhoerbuch.de\/en\/worum-es-im-leben-geht\/","title":{"rendered":"Worum es im Leben geht"},"content":{"rendered":"<p><a href=\"https:\/\/familienhoerbuch.de\/en\/selina-pfruener\/\">Selina Pfr\u00fcner<\/a>, eine der freiberuflichen Audiobiografinnen der Familienh\u00f6rbuch gGmbh, gab k\u00fcrzlich dem <a href=\"https:\/\/www.linkedin.com\/company\/alanus-werkhaus\/\">Alanus Werkhaus<\/a> ein <a href=\"https:\/\/werkhaus.alanus.edu\/aktuelles\/news-detail\/worueber-wir-sprechen-ist-das-worum-es-im-leben-geht-im-gespraech-mit-selina-pfruener.html\">Interview<\/a>. Sie spricht darin \u00fcber ihre Aufgaben als Fotografin, Mediatorin und Audiobiografin. Aus jedem dieser Bereiche nimmt sie wichtige Punkte f\u00fcr die eigene Entwicklung mit. In Bezug auf das Familienh\u00f6rbuch f\u00fchrt sie n\u00e4her aus, dass beispielsweise eines ihrer letzten H\u00f6rb\u00fccher eine \u201eMasterclass in Gelassenheit\u201c f\u00fcr sie war. <\/p>\n\n\n\n<p>Zum Interview: <a href=\"https:\/\/werkhaus.alanus.edu\/aktuelles\/news-detail\/worueber-wir-sprechen-ist-das-worum-es-im-leben-geht-im-gespraech-mit-selina-pfruener.html\">jetzt lesen<\/a><\/p>\n\n\n\n<p><\/p>","protected":false},"excerpt":{"rendered":"<p>Selina Pfr\u00fcner, eine der freiberuflichen Audiobiografinnen der Familienh\u00f6rbuch gGmbh, gab k\u00fcrzlich dem Alanus Werkhaus ein Interview. Sie spricht darin \u00fcber ihre Aufgaben als Fotografin, Mediatorin und Audiobiografin. Aus jedem dieser Bereiche nimmt sie wichtige Punkte f\u00fcr die eigene Entwicklung mit. In Bezug auf das Familienh\u00f6rbuch f\u00fchrt sie n\u00e4her aus, dass beispielsweise eines ihrer letzten H\u00f6rb\u00fccher [&hellip;]<\/p>","protected":false},"author":3,"featured_media":4526,"comment_status":"closed","ping_status":"open","sticky":false,"template":"","format":"standard","meta":{"_acf_changed":false,"footnotes":""},"categories":[13,113],"tags":[99,100,101,82,102,90],"class_list":["post-6073","post","type-post","status-publish","format-standard","has-post-thumbnail","hentry","category-archiv","category-print-digital","tag-alanus","tag-interview","tag-selina-pfruener","tag-sterben","tag-teammitglied","tag-tod"],"acf":[],"_links":{"self":[{"href":"https:\/\/familienhoerbuch.de\/en\/wp-json\/wp\/v2\/posts\/6073","targetHints":{"allow":["GET"]}}],"collection":[{"href":"https:\/\/familienhoerbuch.de\/en\/wp-json\/wp\/v2\/posts"}],"about":[{"href":"https:\/\/familienhoerbuch.de\/en\/wp-json\/wp\/v2\/types\/post"}],"author":[{"embeddable":true,"href":"https:\/\/familienhoerbuch.de\/en\/wp-json\/wp\/v2\/users\/3"}],"replies":[{"embeddable":true,"href":"https:\/\/familienhoerbuch.de\/en\/wp-json\/wp\/v2\/comments?post=6073"}],"version-history":[{"count":0,"href":"https:\/\/familienhoerbuch.de\/en\/wp-json\/wp\/v2\/posts\/6073\/revisions"}],"wp:featuredmedia":[{"embeddable":true,"href":"https:\/\/familienhoerbuch.de\/en\/wp-json\/wp\/v2\/media\/4526"}],"wp:attachment":[{"href":"https:\/\/familienhoerbuch.de\/en\/wp-json\/wp\/v2\/media?parent=6073"}],"wp:term":[{"taxonomy":"category","embeddable":true,"href":"https:\/\/familienhoerbuch.de\/en\/wp-json\/wp\/v2\/categories?post=6073"},{"taxonomy":"post_tag","embeddable":true,"href":"https:\/\/familienhoerbuch.de\/en\/wp-json\/wp\/v2\/tags?post=6073"}],"curies":[{"name":"wp","href":"https:\/\/api.w.org\/{rel}","templated":true}]}}