{"id":6065,"date":"2024-09-03T14:26:31","date_gmt":"2024-09-03T13:26:31","guid":{"rendered":"https:\/\/familienhoerbuch.de\/?p=6065"},"modified":"2024-10-07T12:50:48","modified_gmt":"2024-10-07T10:50:48","slug":"nominiert-ein-geschenk-fuer-die-ewigkeit","status":"publish","type":"post","link":"https:\/\/familienhoerbuch.de\/en\/nominiert-ein-geschenk-fuer-die-ewigkeit\/","title":{"rendered":"Nominiert: Ein Geschenk f\u00fcr die Ewigkeit"},"content":{"rendered":"<p>Auch das Publikum, die Zuschauer:innen und Zuh\u00f6rer:innen, d\u00fcrfen im Rahmen des diesj\u00e4hrigen Bremer Fernseh- und Digitalpreises wieder aktiv werden und f\u00fcr den eigenen Favoriten abstimmen. Die Verleihung findet am 8. November 2024 statt. Mit nominiert ist ein WDR-Beitrag (Nr. 24) von Prasanna\u00a0Boltersdorf, die bei Familienh\u00f6rbuch-Aufnahmen in K\u00f6ln mit dabei war und ein sogenanntes Reel f\u00fcr den Instagram-Kanal von <a href=\"https:\/\/www.instagram.com\/reel\/C32twpaN-78\/?utm_source=ig_web_copy_link&amp;igsh=MzRlODBiNWFlZA==\">kugelzwei<\/a> kreiert hat. Darin wird die die Arbeit der Familienh\u00f6rbuch gGmbH in wenigen Sekunden veranschaulicht.<\/p>\n\n\n\n<p>Hier gehts zum nominierten Reel: <a href=\"https:\/\/www.instagram.com\/reel\/C32twpaN-78\/?utm_source=ig_web_copy_link&amp;igsh=MzRlODBiNWFlZA==\">anklicken<\/a><\/p>\n\n\n\n<p>Hier gehts zur Abstimmung: <a href=\"https:\/\/radiobremen.sslsurvey.de\/BremerFernsehpreis_AbstimmungPublikumspreis_2024\">Stimme verschenken<\/a><\/p>","protected":false},"excerpt":{"rendered":"<p>Auch das Publikum, die Zuschauer:innen und Zuh\u00f6rer:innen, d\u00fcrfen im Rahmen des diesj\u00e4hrigen Bremer Fernseh- und Digitalpreises wieder aktiv werden und f\u00fcr den eigenen Favoriten abstimmen. Die Verleihung findet am 8. November 2024 statt. Mit nominiert ist ein WDR-Beitrag (Nr. 24) von Prasanna\u00a0Boltersdorf, die bei Familienh\u00f6rbuch-Aufnahmen in K\u00f6ln mit dabei war und ein sogenanntes Reel f\u00fcr [&hellip;]<\/p>","protected":false},"author":3,"featured_media":7744,"comment_status":"closed","ping_status":"open","sticky":false,"template":"","format":"standard","meta":{"_acf_changed":false,"footnotes":""},"categories":[13,207],"tags":[93,94,95,96,97,98],"class_list":["post-6065","post","type-post","status-publish","format-standard","has-post-thumbnail","hentry","category-archiv","category-nominierungen-auszeichnungen","tag-abstimmung","tag-bremen","tag-fernsehpreis","tag-kugelzwei","tag-publikumspreis","tag-wdr"],"acf":[],"_links":{"self":[{"href":"https:\/\/familienhoerbuch.de\/en\/wp-json\/wp\/v2\/posts\/6065","targetHints":{"allow":["GET"]}}],"collection":[{"href":"https:\/\/familienhoerbuch.de\/en\/wp-json\/wp\/v2\/posts"}],"about":[{"href":"https:\/\/familienhoerbuch.de\/en\/wp-json\/wp\/v2\/types\/post"}],"author":[{"embeddable":true,"href":"https:\/\/familienhoerbuch.de\/en\/wp-json\/wp\/v2\/users\/3"}],"replies":[{"embeddable":true,"href":"https:\/\/familienhoerbuch.de\/en\/wp-json\/wp\/v2\/comments?post=6065"}],"version-history":[{"count":0,"href":"https:\/\/familienhoerbuch.de\/en\/wp-json\/wp\/v2\/posts\/6065\/revisions"}],"wp:featuredmedia":[{"embeddable":true,"href":"https:\/\/familienhoerbuch.de\/en\/wp-json\/wp\/v2\/media\/7744"}],"wp:attachment":[{"href":"https:\/\/familienhoerbuch.de\/en\/wp-json\/wp\/v2\/media?parent=6065"}],"wp:term":[{"taxonomy":"category","embeddable":true,"href":"https:\/\/familienhoerbuch.de\/en\/wp-json\/wp\/v2\/categories?post=6065"},{"taxonomy":"post_tag","embeddable":true,"href":"https:\/\/familienhoerbuch.de\/en\/wp-json\/wp\/v2\/tags?post=6065"}],"curies":[{"name":"wp","href":"https:\/\/api.w.org\/{rel}","templated":true}]}}