{"id":6058,"date":"2024-09-03T13:50:22","date_gmt":"2024-09-03T12:50:22","guid":{"rendered":"https:\/\/familienhoerbuch.de\/?p=6058"},"modified":"2024-10-07T12:51:11","modified_gmt":"2024-10-07T10:51:11","slug":"zu-besuch-im-ammerland-hospiz","status":"publish","type":"post","link":"https:\/\/familienhoerbuch.de\/en\/zu-besuch-im-ammerland-hospiz\/","title":{"rendered":"Zu Besuch im Ammerland-Hospiz"},"content":{"rendered":"<p>An die 400 Menschen besuchten am 18. August das Sommerfest im Garten und den R\u00e4umlichkeiten des Ammerland-Hospizes. Das Familienh\u00f6rbuch war mit vor Ort. Audiobiografin <a href=\"https:\/\/familienhoerbuch.de\/en\/carola-schede-audiobiografin-zetel\/\">Carola Schede<\/a> sprach zum Thema \u201eAlles, was eine Stimme hat, \u00fcberlebt\u201c und vermittelte Einblicke in die Audiobiografiearbeit. Die Veranstaltung beweist, Tabuthemen wie Sterben und Tod, aber auch Lachen und Liebe schlie\u00dfen sich niemals gegenseitig aus.<\/p>\n\n\n\n<p>Die Einrichtung in Westerstede, die seit 2010 besteht, gibt sterbenden Menschen, unter Ber\u00fccksichtigung der pers\u00f6nlichen, pflegerischen, psychosozialen und spirituellen Bed\u00fcrfnisse, Raum f\u00fcr ein menschenw\u00fcrdiges Leben bis zuletzt.<\/p>\n\n\n\n<figure class=\"wp-block-gallery has-nested-images columns-default is-cropped wp-block-gallery-1 is-layout-flex wp-block-gallery-is-layout-flex\">\n<figure class=\"wp-block-image size-large\"><img fetchpriority=\"high\" decoding=\"async\" width=\"1024\" height=\"768\" data-id=\"6061\" src=\"https:\/\/familienhoerbuch.de\/wp-content\/uploads\/2024\/09\/00d3fe92-5908-41a2-b564-6ebfcae75fa3-1024x768.jpg\" alt=\"Das Ammerland-Hospiz\" class=\"wp-image-6061\" srcset=\"https:\/\/familienhoerbuch.de\/wp-content\/uploads\/2024\/09\/00d3fe92-5908-41a2-b564-6ebfcae75fa3-1024x768.jpg 1024w, https:\/\/familienhoerbuch.de\/wp-content\/uploads\/2024\/09\/00d3fe92-5908-41a2-b564-6ebfcae75fa3-300x225.jpg 300w, https:\/\/familienhoerbuch.de\/wp-content\/uploads\/2024\/09\/00d3fe92-5908-41a2-b564-6ebfcae75fa3-768x576.jpg 768w, https:\/\/familienhoerbuch.de\/wp-content\/uploads\/2024\/09\/00d3fe92-5908-41a2-b564-6ebfcae75fa3-1536x1152.jpg 1536w, https:\/\/familienhoerbuch.de\/wp-content\/uploads\/2024\/09\/00d3fe92-5908-41a2-b564-6ebfcae75fa3.jpg 2048w\" sizes=\"(max-width: 1024px) 100vw, 1024px\" \/><\/figure>\n\n\n\n<figure class=\"wp-block-image size-large\"><img decoding=\"async\" width=\"1024\" height=\"768\" data-id=\"6062\" src=\"https:\/\/familienhoerbuch.de\/wp-content\/uploads\/2024\/09\/d51d8617-cfe4-4065-a3c0-a42dc71d8f84-1024x768.jpg\" alt=\"Vortragsraum Ammerland-Hospiz\" class=\"wp-image-6062\" srcset=\"https:\/\/familienhoerbuch.de\/wp-content\/uploads\/2024\/09\/d51d8617-cfe4-4065-a3c0-a42dc71d8f84-1024x768.jpg 1024w, https:\/\/familienhoerbuch.de\/wp-content\/uploads\/2024\/09\/d51d8617-cfe4-4065-a3c0-a42dc71d8f84-300x225.jpg 300w, https:\/\/familienhoerbuch.de\/wp-content\/uploads\/2024\/09\/d51d8617-cfe4-4065-a3c0-a42dc71d8f84-768x576.jpg 768w, https:\/\/familienhoerbuch.de\/wp-content\/uploads\/2024\/09\/d51d8617-cfe4-4065-a3c0-a42dc71d8f84-1536x1152.jpg 1536w, https:\/\/familienhoerbuch.de\/wp-content\/uploads\/2024\/09\/d51d8617-cfe4-4065-a3c0-a42dc71d8f84.jpg 2048w\" sizes=\"(max-width: 1024px) 100vw, 1024px\" \/><\/figure>\n<\/figure>","protected":false},"excerpt":{"rendered":"<p>An die 400 Menschen besuchten am 18. August das Sommerfest im Garten und den R\u00e4umlichkeiten des Ammerland-Hospizes. Das Familienh\u00f6rbuch war mit vor Ort. Audiobiografin Carola Schede sprach zum Thema \u201eAlles, was eine Stimme hat, \u00fcberlebt\u201c und vermittelte Einblicke in die Audiobiografiearbeit. Die Veranstaltung beweist, Tabuthemen wie Sterben und Tod, aber auch Lachen und Liebe schlie\u00dfen [&hellip;]<\/p>","protected":false},"author":3,"featured_media":6059,"comment_status":"closed","ping_status":"open","sticky":false,"template":"","format":"standard","meta":{"_acf_changed":false,"footnotes":""},"categories":[13,116],"tags":[88,53,89,82,90,91,92],"class_list":["post-6058","post","type-post","status-publish","format-standard","has-post-thumbnail","hentry","category-archiv","category-veranstaltungen","tag-ammerland","tag-hospiz","tag-schede","tag-sterben","tag-tod","tag-vortrag","tag-westerstede"],"acf":[],"_links":{"self":[{"href":"https:\/\/familienhoerbuch.de\/en\/wp-json\/wp\/v2\/posts\/6058","targetHints":{"allow":["GET"]}}],"collection":[{"href":"https:\/\/familienhoerbuch.de\/en\/wp-json\/wp\/v2\/posts"}],"about":[{"href":"https:\/\/familienhoerbuch.de\/en\/wp-json\/wp\/v2\/types\/post"}],"author":[{"embeddable":true,"href":"https:\/\/familienhoerbuch.de\/en\/wp-json\/wp\/v2\/users\/3"}],"replies":[{"embeddable":true,"href":"https:\/\/familienhoerbuch.de\/en\/wp-json\/wp\/v2\/comments?post=6058"}],"version-history":[{"count":0,"href":"https:\/\/familienhoerbuch.de\/en\/wp-json\/wp\/v2\/posts\/6058\/revisions"}],"wp:featuredmedia":[{"embeddable":true,"href":"https:\/\/familienhoerbuch.de\/en\/wp-json\/wp\/v2\/media\/6059"}],"wp:attachment":[{"href":"https:\/\/familienhoerbuch.de\/en\/wp-json\/wp\/v2\/media?parent=6058"}],"wp:term":[{"taxonomy":"category","embeddable":true,"href":"https:\/\/familienhoerbuch.de\/en\/wp-json\/wp\/v2\/categories?post=6058"},{"taxonomy":"post_tag","embeddable":true,"href":"https:\/\/familienhoerbuch.de\/en\/wp-json\/wp\/v2\/tags?post=6058"}],"curies":[{"name":"wp","href":"https:\/\/api.w.org\/{rel}","templated":true}]}}