{"id":6050,"date":"2024-08-12T08:28:21","date_gmt":"2024-08-12T07:28:21","guid":{"rendered":"https:\/\/familienhoerbuch.de\/?p=6050"},"modified":"2026-04-28T16:09:43","modified_gmt":"2026-04-28T14:09:43","slug":"aktion-bei-landtagenord","status":"publish","type":"post","link":"https:\/\/familienhoerbuch.de\/en\/aktion-bei-landtagenord\/","title":{"rendered":"Aktion bei LandTageNord"},"content":{"rendered":"<p>Die Molkerei Ammerland (Hauptsitz: Wiefelstede-Dringenburg) unterst\u00fctzt das Familienh\u00f6rbuch und tr\u00e4gt das Projekt raus in die Welt.<\/p>\n\n\n\n<p>Vom 23. bis 26. August finden die \u201eLandTageNord\u201c in der N\u00e4he von Oldenburg statt (600 Aussteller mit Produkten und Dienstleistungen rund um das Kernthema Agrar und Freizeit). Ammerland wird vor Ort sein und hauseigene Milchmix-Getr\u00e4nke anbieten. Der Erl\u00f6s des Verkaufs geht im Anschluss an die Familienh\u00f6rbuch gGmbH. Neben der monet\u00e4ren Unterst\u00fctzung ist die Erw\u00e4hnung im zugeh\u00f6rigen Event-Trailer und das ins Gespr\u00e4ch bringen vor Ort ein absolutes Plus in Sachen \u00d6ffentlichkeitsarbeit.<\/p>","protected":false},"excerpt":{"rendered":"<p>Die Molkerei Ammerland (Hauptsitz: Wiefelstede-Dringenburg) unterst\u00fctzt das Familienh\u00f6rbuch und tr\u00e4gt das Projekt raus in die Welt. Vom 23. bis 26. August finden die \u201eLandTageNord\u201c in der N\u00e4he von Oldenburg statt (600 Aussteller mit Produkten und Dienstleistungen rund um das Kernthema Agrar und Freizeit). Ammerland wird vor Ort sein und hauseigene Milchmix-Getr\u00e4nke anbieten. Der Erl\u00f6s des [&hellip;]<\/p>","protected":false},"author":3,"featured_media":7748,"comment_status":"closed","ping_status":"open","sticky":false,"template":"","format":"standard","meta":{"_acf_changed":false,"footnotes":""},"categories":[13,115],"tags":[180,88,85,181,182,183,55],"class_list":["post-6050","post","type-post","status-publish","format-standard","has-post-thumbnail","hentry","category-archiv","category-spenden","tag-agrar","tag-ammerland","tag-charity","tag-erloes","tag-milch","tag-molkerei","tag-oldenburg"],"acf":[],"_links":{"self":[{"href":"https:\/\/familienhoerbuch.de\/en\/wp-json\/wp\/v2\/posts\/6050","targetHints":{"allow":["GET"]}}],"collection":[{"href":"https:\/\/familienhoerbuch.de\/en\/wp-json\/wp\/v2\/posts"}],"about":[{"href":"https:\/\/familienhoerbuch.de\/en\/wp-json\/wp\/v2\/types\/post"}],"author":[{"embeddable":true,"href":"https:\/\/familienhoerbuch.de\/en\/wp-json\/wp\/v2\/users\/3"}],"replies":[{"embeddable":true,"href":"https:\/\/familienhoerbuch.de\/en\/wp-json\/wp\/v2\/comments?post=6050"}],"version-history":[{"count":1,"href":"https:\/\/familienhoerbuch.de\/en\/wp-json\/wp\/v2\/posts\/6050\/revisions"}],"predecessor-version":[{"id":15259,"href":"https:\/\/familienhoerbuch.de\/en\/wp-json\/wp\/v2\/posts\/6050\/revisions\/15259"}],"wp:featuredmedia":[{"embeddable":true,"href":"https:\/\/familienhoerbuch.de\/en\/wp-json\/wp\/v2\/media\/7748"}],"wp:attachment":[{"href":"https:\/\/familienhoerbuch.de\/en\/wp-json\/wp\/v2\/media?parent=6050"}],"wp:term":[{"taxonomy":"category","embeddable":true,"href":"https:\/\/familienhoerbuch.de\/en\/wp-json\/wp\/v2\/categories?post=6050"},{"taxonomy":"post_tag","embeddable":true,"href":"https:\/\/familienhoerbuch.de\/en\/wp-json\/wp\/v2\/tags?post=6050"}],"curies":[{"name":"wp","href":"https:\/\/api.w.org\/{rel}","templated":true}]}}