{"id":5949,"date":"2024-07-08T07:55:02","date_gmt":"2024-07-08T06:55:02","guid":{"rendered":"https:\/\/familienhoerbuch.de\/?p=5949"},"modified":"2024-10-07T12:56:12","modified_gmt":"2024-10-07T10:56:12","slug":"vortrag-in-oldenburg","status":"publish","type":"post","link":"https:\/\/familienhoerbuch.de\/en\/vortrag-in-oldenburg\/","title":{"rendered":"Vortrag in Oldenburg"},"content":{"rendered":"<p>Mitte Juni besuchte <a href=\"https:\/\/familienhoerbuch.de\/en\/carola-schede-audiobiografin-zetel\/\">Carola Schede<\/a> (Audiobiografin) die Stiftung Hospizdienst in Oldenburg. Gemeinsam mit einer Projektteilnehmerin berichtete sie dort \u00fcber das Familienh\u00f6rbuch. Letztere gab intime Einblicke in ihren ganz pers\u00f6nlichen Prozess der Aufnahmen und hob hervor, welche Bedeutung ein solcher Nachlass f\u00fcr sie hat. <\/p>\n\n\n\n<p>Am 18. August 2024 folgt ein entsprechender Vortrag im Ammerland-Hospiz.<\/p>","protected":false},"excerpt":{"rendered":"<p>Mitte Juni besuchte Carola Schede (Audiobiografin) die Stiftung Hospizdienst in Oldenburg. Gemeinsam mit einer Projektteilnehmerin berichtete sie dort \u00fcber das Familienh\u00f6rbuch. Letztere gab intime Einblicke in ihren ganz pers\u00f6nlichen Prozess der Aufnahmen und hob hervor, welche Bedeutung ein solcher Nachlass f\u00fcr sie hat. Am 18. August 2024 folgt ein entsprechender Vortrag im Ammerland-Hospiz.<\/p>","protected":false},"author":3,"featured_media":5950,"comment_status":"closed","ping_status":"open","sticky":false,"template":"","format":"standard","meta":{"_acf_changed":false,"footnotes":""},"categories":[13,116],"tags":[53,54,55,56],"class_list":["post-5949","post","type-post","status-publish","format-standard","has-post-thumbnail","hentry","category-archiv","category-veranstaltungen","tag-hospiz","tag-informationsveranstaltung","tag-oldenburg","tag-stiftung-hospizdienst"],"acf":[],"_links":{"self":[{"href":"https:\/\/familienhoerbuch.de\/en\/wp-json\/wp\/v2\/posts\/5949","targetHints":{"allow":["GET"]}}],"collection":[{"href":"https:\/\/familienhoerbuch.de\/en\/wp-json\/wp\/v2\/posts"}],"about":[{"href":"https:\/\/familienhoerbuch.de\/en\/wp-json\/wp\/v2\/types\/post"}],"author":[{"embeddable":true,"href":"https:\/\/familienhoerbuch.de\/en\/wp-json\/wp\/v2\/users\/3"}],"replies":[{"embeddable":true,"href":"https:\/\/familienhoerbuch.de\/en\/wp-json\/wp\/v2\/comments?post=5949"}],"version-history":[{"count":0,"href":"https:\/\/familienhoerbuch.de\/en\/wp-json\/wp\/v2\/posts\/5949\/revisions"}],"wp:featuredmedia":[{"embeddable":true,"href":"https:\/\/familienhoerbuch.de\/en\/wp-json\/wp\/v2\/media\/5950"}],"wp:attachment":[{"href":"https:\/\/familienhoerbuch.de\/en\/wp-json\/wp\/v2\/media?parent=5949"}],"wp:term":[{"taxonomy":"category","embeddable":true,"href":"https:\/\/familienhoerbuch.de\/en\/wp-json\/wp\/v2\/categories?post=5949"},{"taxonomy":"post_tag","embeddable":true,"href":"https:\/\/familienhoerbuch.de\/en\/wp-json\/wp\/v2\/tags?post=5949"}],"curies":[{"name":"wp","href":"https:\/\/api.w.org\/{rel}","templated":true}]}}