{"id":5901,"date":"2024-06-25T09:05:23","date_gmt":"2024-06-25T08:05:23","guid":{"rendered":"https:\/\/familienhoerbuch.de\/?p=5901"},"modified":"2024-10-07T12:58:22","modified_gmt":"2024-10-07T10:58:22","slug":"stiftungspreis-erhalten","status":"publish","type":"post","link":"https:\/\/familienhoerbuch.de\/en\/stiftungspreis-erhalten\/","title":{"rendered":"Stiftungspreis erhalten"},"content":{"rendered":"<p>Am 21. Juni fand in Erfurt die Landespreisvergabe der Town &amp; Country Stiftung statt. Bereit zum elften Mal wurden mit dieser Verleihung gemeinn\u00fctzige Einrichtungen und Initiativen aus ganz Deutschland unterst\u00fctzt. Das Familienh\u00f6rbuch war als Landepreistr\u00e4ger f\u00fcr Nordrhein-Westfalen vor Ort und erhielt einen Pokal, 5.000 Euro und ein K\u00e4stchen mit Erinnerungsb\u00fcchern.<\/p>\n\n\n\n<p>Carmen Dreyer, Ressortleiterin der \u00d6ffentlichkeitsarbeit, die den Preis gemeinsam mit ihrer Kollegin Elisabeth Szwarc entgegen nahm, freute sich \u00fcber die W\u00fcrdigung: \u201eUnsere gr\u00f6\u00dfte Sorge, n\u00e4mlich schwer erkrankten M\u00fcttern und V\u00e4ter sagen zu m\u00fcssen, dass derzeit kein Geld f\u00fcr weitere H\u00f6rb\u00fccher da ist, wird uns somit ein St\u00fcck weit genommen. Sie glauben nicht, wie viel Licht ins Dunkel es bringt, wenn palliativ erkrankte Eltern die Chance erhalten, einen Nachlass f\u00fcr ihre Kinder einzusprechen!\u201c<\/p>\n\n\n\n<p>Mehr erfahren: <a href=\"https:\/\/www.lifepr.de\/pressemitteilung\/town-country-stiftung\/11-Stiftungspreis-der-Town-Country-Stiftung-zeichnet-soziales-Engagement-fuer-Kinder-und-Jugendliche-in-allen-Bundeslaendern-aus\/boxid\/990523\">Zur Pressemeldung<\/a><\/p>","protected":false},"excerpt":{"rendered":"<p>Am 21. Juni fand in Erfurt die Landespreisvergabe der Town &amp; Country Stiftung statt. Bereit zum elften Mal wurden mit dieser Verleihung gemeinn\u00fctzige Einrichtungen und Initiativen aus ganz Deutschland unterst\u00fctzt. Das Familienh\u00f6rbuch war als Landepreistr\u00e4ger f\u00fcr Nordrhein-Westfalen vor Ort und erhielt einen Pokal, 5.000 Euro und ein K\u00e4stchen mit Erinnerungsb\u00fcchern. Carmen Dreyer, Ressortleiterin der \u00d6ffentlichkeitsarbeit, [&hellip;]<\/p>","protected":false},"author":3,"featured_media":5908,"comment_status":"closed","ping_status":"open","sticky":false,"template":"","format":"standard","meta":{"_acf_changed":false,"footnotes":""},"categories":[13,207],"tags":[40,41,42,43],"class_list":["post-5901","post","type-post","status-publish","format-standard","has-post-thumbnail","hentry","category-archiv","category-nominierungen-auszeichnungen","tag-erfurt","tag-preisverleihung","tag-stiftungspreis","tag-town-country"],"acf":[],"_links":{"self":[{"href":"https:\/\/familienhoerbuch.de\/en\/wp-json\/wp\/v2\/posts\/5901","targetHints":{"allow":["GET"]}}],"collection":[{"href":"https:\/\/familienhoerbuch.de\/en\/wp-json\/wp\/v2\/posts"}],"about":[{"href":"https:\/\/familienhoerbuch.de\/en\/wp-json\/wp\/v2\/types\/post"}],"author":[{"embeddable":true,"href":"https:\/\/familienhoerbuch.de\/en\/wp-json\/wp\/v2\/users\/3"}],"replies":[{"embeddable":true,"href":"https:\/\/familienhoerbuch.de\/en\/wp-json\/wp\/v2\/comments?post=5901"}],"version-history":[{"count":0,"href":"https:\/\/familienhoerbuch.de\/en\/wp-json\/wp\/v2\/posts\/5901\/revisions"}],"wp:featuredmedia":[{"embeddable":true,"href":"https:\/\/familienhoerbuch.de\/en\/wp-json\/wp\/v2\/media\/5908"}],"wp:attachment":[{"href":"https:\/\/familienhoerbuch.de\/en\/wp-json\/wp\/v2\/media?parent=5901"}],"wp:term":[{"taxonomy":"category","embeddable":true,"href":"https:\/\/familienhoerbuch.de\/en\/wp-json\/wp\/v2\/categories?post=5901"},{"taxonomy":"post_tag","embeddable":true,"href":"https:\/\/familienhoerbuch.de\/en\/wp-json\/wp\/v2\/tags?post=5901"}],"curies":[{"name":"wp","href":"https:\/\/api.w.org\/{rel}","templated":true}]}}