{"id":5898,"date":"2024-06-25T08:48:42","date_gmt":"2024-06-25T07:48:42","guid":{"rendered":"https:\/\/familienhoerbuch.de\/?p=5898"},"modified":"2024-10-07T12:59:06","modified_gmt":"2024-10-07T10:59:06","slug":"rometsch-bei-koeln-wir-muessen-reden","status":"publish","type":"post","link":"https:\/\/familienhoerbuch.de\/en\/rometsch-bei-koeln-wir-muessen-reden\/","title":{"rendered":"Rometsch bei \u201eK\u00f6ln, wir m\u00fcssen reden!\u201c"},"content":{"rendered":"<p>Der SPD-Ortsverein Nippes l\u00e4dt jede Woche wechselnde Referent:innen in die Kneipe \u201eEigenheim\u201c ein, um \u00fcber aktuelle politische und gesellschaftsrelevante Themen zu diskutieren. Zuletzt war <a href=\"https:\/\/familienhoerbuch.de\/en\/claudia-rometsch-audiobiografin-journalistin-bonn\/\">Claudia Rometsch<\/a>, eine Audiobiografin, die bereits seit \u00fcber drei Jahren das Familienh\u00f6rbuch unterst\u00fctzt, als Sprecherin in K\u00f6ln vor Ort. Nach einem  20-min\u00fctigen Impulsvortrag ging sie ins Gespr\u00e4ch mit den Anwesenden. Die Veranstaltung \u201eK\u00f6ln, wir m\u00fcssen reden!\u201c ist f\u00fcr alle interessierten B\u00fcrger:innen offen zug\u00e4nglich.<\/p>\n\n\n\n<p>Direkt zur Aufzeichnung: <a href=\"https:\/\/www.facebook.com\/koelnwirmuessenreden\/videos\/1528834178068529\">anschauen<\/a><\/p>","protected":false},"excerpt":{"rendered":"<p>Der SPD-Ortsverein Nippes l\u00e4dt jede Woche wechselnde Referent:innen in die Kneipe \u201eEigenheim\u201c ein, um \u00fcber aktuelle politische und gesellschaftsrelevante Themen zu diskutieren. Zuletzt war Claudia Rometsch, eine Audiobiografin, die bereits seit \u00fcber drei Jahren das Familienh\u00f6rbuch unterst\u00fctzt, als Sprecherin in K\u00f6ln vor Ort. Nach einem 20-min\u00fctigen Impulsvortrag ging sie ins Gespr\u00e4ch mit den Anwesenden. Die [&hellip;]<\/p>","protected":false},"author":3,"featured_media":5899,"comment_status":"closed","ping_status":"open","sticky":false,"template":"","format":"standard","meta":{"_acf_changed":false,"footnotes":""},"categories":[13,116],"tags":[37,17,38,39],"class_list":["post-5898","post","type-post","status-publish","format-standard","has-post-thumbnail","hentry","category-archiv","category-veranstaltungen","tag-kneipentalk","tag-koeln","tag-rometsch","tag-spd"],"acf":[],"_links":{"self":[{"href":"https:\/\/familienhoerbuch.de\/en\/wp-json\/wp\/v2\/posts\/5898","targetHints":{"allow":["GET"]}}],"collection":[{"href":"https:\/\/familienhoerbuch.de\/en\/wp-json\/wp\/v2\/posts"}],"about":[{"href":"https:\/\/familienhoerbuch.de\/en\/wp-json\/wp\/v2\/types\/post"}],"author":[{"embeddable":true,"href":"https:\/\/familienhoerbuch.de\/en\/wp-json\/wp\/v2\/users\/3"}],"replies":[{"embeddable":true,"href":"https:\/\/familienhoerbuch.de\/en\/wp-json\/wp\/v2\/comments?post=5898"}],"version-history":[{"count":0,"href":"https:\/\/familienhoerbuch.de\/en\/wp-json\/wp\/v2\/posts\/5898\/revisions"}],"wp:featuredmedia":[{"embeddable":true,"href":"https:\/\/familienhoerbuch.de\/en\/wp-json\/wp\/v2\/media\/5899"}],"wp:attachment":[{"href":"https:\/\/familienhoerbuch.de\/en\/wp-json\/wp\/v2\/media?parent=5898"}],"wp:term":[{"taxonomy":"category","embeddable":true,"href":"https:\/\/familienhoerbuch.de\/en\/wp-json\/wp\/v2\/categories?post=5898"},{"taxonomy":"post_tag","embeddable":true,"href":"https:\/\/familienhoerbuch.de\/en\/wp-json\/wp\/v2\/tags?post=5898"}],"curies":[{"name":"wp","href":"https:\/\/api.w.org\/{rel}","templated":true}]}}