{"id":5885,"date":"2024-06-19T15:49:17","date_gmt":"2024-06-19T14:49:17","guid":{"rendered":"https:\/\/familienhoerbuch.de\/?p=5885"},"modified":"2026-04-28T16:09:43","modified_gmt":"2026-04-28T14:09:43","slug":"symposium-der-rg-psychoonkologie-mv","status":"publish","type":"post","link":"https:\/\/familienhoerbuch.de\/en\/symposium-der-rg-psychoonkologie-mv\/","title":{"rendered":"Symposium der RG Psychoonkologie MV"},"content":{"rendered":"<p>Das Familienh\u00f6rbuch war eines der Hauptthemen beim diesj\u00e4hrigen Symposium der Regionalgruppe Psychoonkologie Mecklenburg-Vorpommern (Deutsche Arbeitsgemeinschaft f\u00fcr Psychosoziale Onkologie) in Schwerin.\u00a0Audiobiograf und Sounddesigner <a href=\"https:\/\/familienhoerbuch.de\/en\/wolfgang-heidelk\/\">Wolfgang Heidelk<\/a>, der selbst in Schwerin lebt, stellte es den etwa 30 anwesenden Psychoonkolog:innen vor und beantwortete Fragen.\u00a0<\/p>\n\n\n\n<p>Aus dem Feedback der Organisatorinnen: \u201eDanke f\u00fcr diese interessante und bewegende Vorstellung des Familienh\u00f6rbuchs. Zuk\u00fcnftig werden wir dieses wertvolle Angebot mit zu unseren Patient:innen nehmen.\u201c<\/p>\n\n\n\n<p><\/p>","protected":false},"excerpt":{"rendered":"<p>Das Familienh\u00f6rbuch war eines der Hauptthemen beim diesj\u00e4hrigen Symposium der Regionalgruppe Psychoonkologie Mecklenburg-Vorpommern (Deutsche Arbeitsgemeinschaft f\u00fcr Psychosoziale Onkologie) in Schwerin.\u00a0Audiobiograf und Sounddesigner Wolfgang Heidelk, der selbst in Schwerin lebt, stellte es den etwa 30 anwesenden Psychoonkolog:innen vor und beantwortete Fragen.\u00a0 Aus dem Feedback der Organisatorinnen: \u201eDanke f\u00fcr diese interessante und bewegende Vorstellung des Familienh\u00f6rbuchs. Zuk\u00fcnftig [&hellip;]<\/p>","protected":false},"author":3,"featured_media":5886,"comment_status":"closed","ping_status":"open","sticky":false,"template":"","format":"standard","meta":{"_acf_changed":false,"footnotes":""},"categories":[13,118],"tags":[197,198,199,91,200],"class_list":["post-5885","post","type-post","status-publish","format-standard","has-post-thumbnail","hentry","category-archiv","category-netzwerk","tag-psychoonkologie","tag-psychosoziale-onkologie","tag-symposium","tag-vortrag","tag-wolfgang-heidelk"],"acf":[],"_links":{"self":[{"href":"https:\/\/familienhoerbuch.de\/en\/wp-json\/wp\/v2\/posts\/5885","targetHints":{"allow":["GET"]}}],"collection":[{"href":"https:\/\/familienhoerbuch.de\/en\/wp-json\/wp\/v2\/posts"}],"about":[{"href":"https:\/\/familienhoerbuch.de\/en\/wp-json\/wp\/v2\/types\/post"}],"author":[{"embeddable":true,"href":"https:\/\/familienhoerbuch.de\/en\/wp-json\/wp\/v2\/users\/3"}],"replies":[{"embeddable":true,"href":"https:\/\/familienhoerbuch.de\/en\/wp-json\/wp\/v2\/comments?post=5885"}],"version-history":[{"count":1,"href":"https:\/\/familienhoerbuch.de\/en\/wp-json\/wp\/v2\/posts\/5885\/revisions"}],"predecessor-version":[{"id":15260,"href":"https:\/\/familienhoerbuch.de\/en\/wp-json\/wp\/v2\/posts\/5885\/revisions\/15260"}],"wp:featuredmedia":[{"embeddable":true,"href":"https:\/\/familienhoerbuch.de\/en\/wp-json\/wp\/v2\/media\/5886"}],"wp:attachment":[{"href":"https:\/\/familienhoerbuch.de\/en\/wp-json\/wp\/v2\/media?parent=5885"}],"wp:term":[{"taxonomy":"category","embeddable":true,"href":"https:\/\/familienhoerbuch.de\/en\/wp-json\/wp\/v2\/categories?post=5885"},{"taxonomy":"post_tag","embeddable":true,"href":"https:\/\/familienhoerbuch.de\/en\/wp-json\/wp\/v2\/tags?post=5885"}],"curies":[{"name":"wp","href":"https:\/\/api.w.org\/{rel}","templated":true}]}}