{"id":5871,"date":"2024-06-11T12:26:27","date_gmt":"2024-06-11T11:26:27","guid":{"rendered":"https:\/\/familienhoerbuch.de\/?p=5871"},"modified":"2024-10-07T12:59:41","modified_gmt":"2024-10-07T10:59:41","slug":"podcast-krebs-was-nun","status":"publish","type":"post","link":"https:\/\/familienhoerbuch.de\/en\/podcast-krebs-was-nun\/","title":{"rendered":"Podcast: Krebs! Was nun?"},"content":{"rendered":"<p>Der Audiosendung von Nils Glaubke (Krebs! Was nun?) ist immer h\u00f6renswert. In der aktuellen Folge (29) kommt ein Familienvater zu Wort, der gerade seinen ersten Aufnahmetag beim Familienh\u00f6rbuch hinter sich hat. Er sagt: \u201eEs hilft mir, etwas zu erschaffen, um sp\u00e4ter loslassen zu k\u00f6nnen.&#8220; Der Projektteilnehmer plant, das Endprodukt gemeinsam mit seiner Tochter anzuh\u00f6ren. Er gibt ihr aber in jedem Fall Folgendes mit auf den Weg: \u201eSei auch mal nicht so streng mit dir.&#8220;<br><br>Zur Folge: <a href=\"https:\/\/www.podcast.de\/episode\/634111651\/29-angst-ctmrt-mit-andre\">https:\/\/www.podcast.de\/episode\/634111651\/29-angst-ctmrt-mit-andre<\/a> (ab Minute 27 ist das Familienh\u00f6rbuch Gespr\u00e4chsthema)<br><br><\/p>","protected":false},"excerpt":{"rendered":"<p>Der Audiosendung von Nils Glaubke (Krebs! Was nun?) ist immer h\u00f6renswert. In der aktuellen Folge (29) kommt ein Familienvater zu Wort, der gerade seinen ersten Aufnahmetag beim Familienh\u00f6rbuch hinter sich hat. Er sagt: \u201eEs hilft mir, etwas zu erschaffen, um sp\u00e4ter loslassen zu k\u00f6nnen.&#8220; Der Projektteilnehmer plant, das Endprodukt gemeinsam mit seiner Tochter anzuh\u00f6ren. Er [&hellip;]<\/p>","protected":false},"author":3,"featured_media":5872,"comment_status":"closed","ping_status":"open","sticky":false,"template":"","format":"standard","meta":{"_acf_changed":false,"footnotes":""},"categories":[13,114],"tags":[32,33,34,35,36],"class_list":["post-5871","post","type-post","status-publish","format-standard","has-post-thumbnail","hentry","category-archiv","category-podcast","tag-krebs","tag-nils-glaubke","tag-podcast","tag-projektteilnehmer","tag-vater"],"acf":[],"_links":{"self":[{"href":"https:\/\/familienhoerbuch.de\/en\/wp-json\/wp\/v2\/posts\/5871","targetHints":{"allow":["GET"]}}],"collection":[{"href":"https:\/\/familienhoerbuch.de\/en\/wp-json\/wp\/v2\/posts"}],"about":[{"href":"https:\/\/familienhoerbuch.de\/en\/wp-json\/wp\/v2\/types\/post"}],"author":[{"embeddable":true,"href":"https:\/\/familienhoerbuch.de\/en\/wp-json\/wp\/v2\/users\/3"}],"replies":[{"embeddable":true,"href":"https:\/\/familienhoerbuch.de\/en\/wp-json\/wp\/v2\/comments?post=5871"}],"version-history":[{"count":0,"href":"https:\/\/familienhoerbuch.de\/en\/wp-json\/wp\/v2\/posts\/5871\/revisions"}],"wp:featuredmedia":[{"embeddable":true,"href":"https:\/\/familienhoerbuch.de\/en\/wp-json\/wp\/v2\/media\/5872"}],"wp:attachment":[{"href":"https:\/\/familienhoerbuch.de\/en\/wp-json\/wp\/v2\/media?parent=5871"}],"wp:term":[{"taxonomy":"category","embeddable":true,"href":"https:\/\/familienhoerbuch.de\/en\/wp-json\/wp\/v2\/categories?post=5871"},{"taxonomy":"post_tag","embeddable":true,"href":"https:\/\/familienhoerbuch.de\/en\/wp-json\/wp\/v2\/tags?post=5871"}],"curies":[{"name":"wp","href":"https:\/\/api.w.org\/{rel}","templated":true}]}}