{"id":5845,"date":"2024-05-22T15:30:04","date_gmt":"2024-05-22T14:30:04","guid":{"rendered":"https:\/\/familienhoerbuch.de\/?p=5845"},"modified":"2024-10-07T13:00:13","modified_gmt":"2024-10-07T11:00:13","slug":"die-faz-berichtet","status":"publish","type":"post","link":"https:\/\/familienhoerbuch.de\/en\/die-faz-berichtet\/","title":{"rendered":"Die FAZ berichtet"},"content":{"rendered":"<p>Sara Wagener von der Frankfurter Allgemeine hat sich mit der Arbeit des Familienh\u00f6rbuchs n\u00e4her befasst. Sie sprach sowohl mit einer Audiobiografin als auch mit einer Frau, die ein solches H\u00f6rgeschenk f\u00fcr ihre Liebsten eingesprochen hat. Direkt vor Ort bei den Aufnahmen erlebte die Journalistin hautnah, was f\u00fcr eine Atmosph\u00e4re in diesem Rahmen herrscht. Entstanden ist ein Artikel, der ber\u00fchrt: <a href=\"https:\/\/www.faz.net\/aktuell\/gesellschaft\/menschen\/wie-hoerbuecher-die-erinnerung-an-unheilbar-kranke-eltern-bewahren-19720984.html\">jetzt lesen<\/a>.<\/p>","protected":false},"excerpt":{"rendered":"<p>Sara Wagener von der Frankfurter Allgemeine hat sich mit der Arbeit des Familienh\u00f6rbuchs n\u00e4her befasst. Sie sprach sowohl mit einer Audiobiografin als auch mit einer Frau, die ein solches H\u00f6rgeschenk f\u00fcr ihre Liebsten eingesprochen hat. Direkt vor Ort bei den Aufnahmen erlebte die Journalistin hautnah, was f\u00fcr eine Atmosph\u00e4re in diesem Rahmen herrscht. Entstanden ist [&hellip;]<\/p>","protected":false},"author":3,"featured_media":5850,"comment_status":"closed","ping_status":"open","sticky":false,"template":"","format":"standard","meta":{"_acf_changed":false,"footnotes":""},"categories":[13,113],"tags":[28,29,30,31],"class_list":["post-5845","post","type-post","status-publish","format-standard","has-post-thumbnail","hentry","category-archiv","category-print-digital","tag-familienhoerbuch","tag-faz","tag-frankfurt","tag-zeitung"],"acf":[],"_links":{"self":[{"href":"https:\/\/familienhoerbuch.de\/en\/wp-json\/wp\/v2\/posts\/5845","targetHints":{"allow":["GET"]}}],"collection":[{"href":"https:\/\/familienhoerbuch.de\/en\/wp-json\/wp\/v2\/posts"}],"about":[{"href":"https:\/\/familienhoerbuch.de\/en\/wp-json\/wp\/v2\/types\/post"}],"author":[{"embeddable":true,"href":"https:\/\/familienhoerbuch.de\/en\/wp-json\/wp\/v2\/users\/3"}],"replies":[{"embeddable":true,"href":"https:\/\/familienhoerbuch.de\/en\/wp-json\/wp\/v2\/comments?post=5845"}],"version-history":[{"count":0,"href":"https:\/\/familienhoerbuch.de\/en\/wp-json\/wp\/v2\/posts\/5845\/revisions"}],"wp:featuredmedia":[{"embeddable":true,"href":"https:\/\/familienhoerbuch.de\/en\/wp-json\/wp\/v2\/media\/5850"}],"wp:attachment":[{"href":"https:\/\/familienhoerbuch.de\/en\/wp-json\/wp\/v2\/media?parent=5845"}],"wp:term":[{"taxonomy":"category","embeddable":true,"href":"https:\/\/familienhoerbuch.de\/en\/wp-json\/wp\/v2\/categories?post=5845"},{"taxonomy":"post_tag","embeddable":true,"href":"https:\/\/familienhoerbuch.de\/en\/wp-json\/wp\/v2\/tags?post=5845"}],"curies":[{"name":"wp","href":"https:\/\/api.w.org\/{rel}","templated":true}]}}