{"id":5840,"date":"2024-05-22T15:17:45","date_gmt":"2024-05-22T14:17:45","guid":{"rendered":"https:\/\/familienhoerbuch.de\/?p=5840"},"modified":"2024-10-07T13:00:52","modified_gmt":"2024-10-07T11:00:52","slug":"talkshow-auftritt-bei-alpha-omega","status":"publish","type":"post","link":"https:\/\/familienhoerbuch.de\/en\/talkshow-auftritt-bei-alpha-omega\/","title":{"rendered":"Talkshow-Auftritt bei alpha &amp; omega"},"content":{"rendered":"<p>Bei bibel.TV ist die Sendung alpha &amp; omega eine feststehende Gr\u00f6\u00dfe. Familienh\u00f6rbuch-Projektteilnehmerin Nadja Seipel und Carmen Dreyer (Ressort \u00d6ffentlichkeitsarbeit), die bei der Familienh\u00f6rbuch gGmbH fest angestellt ist, gingen mit Moderatorin Heidrun Lieb im Rahmen dieser Sendung ins Gespr\u00e4ch. Die Aufzeichnung fand in den R\u00e4umlichkeiten von Regio TV Stuttgart statt. Initiiert wurde das Ganze von Redakteurin Juliane Eberwein, die f\u00fcr die Evangelische Medienhaus GmbH t\u00e4tig ist.<\/p>\n\n\n\n<p>Direkt zur Sendung: <a href=\"https:\/\/kirchenfernsehen.de\/video\/familienhoerbuch-wenn-sterbenskranke-eltern-aus-ihrem-leben-erzaehlen-alpha-omega\/\">anschauen<\/a><\/p>","protected":false},"excerpt":{"rendered":"<p>Bei bibel.TV ist die Sendung alpha &amp; omega eine feststehende Gr\u00f6\u00dfe. Familienh\u00f6rbuch-Projektteilnehmerin Nadja Seipel und Carmen Dreyer (Ressort \u00d6ffentlichkeitsarbeit), die bei der Familienh\u00f6rbuch gGmbH fest angestellt ist, gingen mit Moderatorin Heidrun Lieb im Rahmen dieser Sendung ins Gespr\u00e4ch. Die Aufzeichnung fand in den R\u00e4umlichkeiten von Regio TV Stuttgart statt. Initiiert wurde das Ganze von Redakteurin [&hellip;]<\/p>","protected":false},"author":3,"featured_media":5842,"comment_status":"closed","ping_status":"open","sticky":false,"template":"","format":"standard","meta":{"_acf_changed":false,"footnotes":""},"categories":[13,112],"tags":[21,22,23,24,25,26,27],"class_list":["post-5840","post","type-post","status-publish","format-standard","has-post-thumbnail","hentry","category-archiv","category-tv-archiv","tag-alpha-omega","tag-evangelische-medienanstalt","tag-juliane-eberwein","tag-kirchenfernsehen","tag-nadja-seipel","tag-regio-tv-stuttgart","tag-talkshow"],"acf":[],"_links":{"self":[{"href":"https:\/\/familienhoerbuch.de\/en\/wp-json\/wp\/v2\/posts\/5840","targetHints":{"allow":["GET"]}}],"collection":[{"href":"https:\/\/familienhoerbuch.de\/en\/wp-json\/wp\/v2\/posts"}],"about":[{"href":"https:\/\/familienhoerbuch.de\/en\/wp-json\/wp\/v2\/types\/post"}],"author":[{"embeddable":true,"href":"https:\/\/familienhoerbuch.de\/en\/wp-json\/wp\/v2\/users\/3"}],"replies":[{"embeddable":true,"href":"https:\/\/familienhoerbuch.de\/en\/wp-json\/wp\/v2\/comments?post=5840"}],"version-history":[{"count":0,"href":"https:\/\/familienhoerbuch.de\/en\/wp-json\/wp\/v2\/posts\/5840\/revisions"}],"wp:featuredmedia":[{"embeddable":true,"href":"https:\/\/familienhoerbuch.de\/en\/wp-json\/wp\/v2\/media\/5842"}],"wp:attachment":[{"href":"https:\/\/familienhoerbuch.de\/en\/wp-json\/wp\/v2\/media?parent=5840"}],"wp:term":[{"taxonomy":"category","embeddable":true,"href":"https:\/\/familienhoerbuch.de\/en\/wp-json\/wp\/v2\/categories?post=5840"},{"taxonomy":"post_tag","embeddable":true,"href":"https:\/\/familienhoerbuch.de\/en\/wp-json\/wp\/v2\/tags?post=5840"}],"curies":[{"name":"wp","href":"https:\/\/api.w.org\/{rel}","templated":true}]}}