{"id":5835,"date":"2024-05-22T10:52:00","date_gmt":"2024-05-22T09:52:00","guid":{"rendered":"https:\/\/familienhoerbuch.de\/?p=5835"},"modified":"2026-04-28T16:09:24","modified_gmt":"2026-04-28T14:09:24","slug":"artikel-im-thieme-pflege-magazin","status":"publish","type":"post","link":"https:\/\/familienhoerbuch.de\/en\/artikel-im-thieme-pflege-magazin\/","title":{"rendered":"Artikel im Thieme-Pflege-Magazin"},"content":{"rendered":"<p>Der Thieme-Verlag ver\u00f6ffentlicht mehrmals im Jahr das CNE.magazin, das \u00fcber Aktuelles aus der Gesundheits- und Berufspolitik und Beitr\u00e4ge mit ethischem Schwerpunkt berichtet. Autorin Dr. med. Silja Schwenke schrieb einen 3-seitigen Artikel \u00fcber das Familienh\u00f6rbuch-Projekt und berichtet darin unter anderem auch \u00fcber ihr Gespr\u00e4ch mit einer Projektteilnehmerin und Carmen Dreyer vom Familienh\u00f6rbuch-Team.<\/p>\n\n\n\n<p>Gleich lesen: <a href=\"https:\/\/lp.thieme.de\/emag\/epaper-leseprobe-cne.magazin-3-2024\/#12\">Ab Seite 9<\/a><\/p>","protected":false},"excerpt":{"rendered":"<p>Der Thieme-Verlag ver\u00f6ffentlicht mehrmals im Jahr das CNE.magazin, das \u00fcber Aktuelles aus der Gesundheits- und Berufspolitik und Beitr\u00e4ge mit ethischem Schwerpunkt berichtet. Autorin Dr. med. Silja Schwenke schrieb einen 3-seitigen Artikel \u00fcber das Familienh\u00f6rbuch-Projekt und berichtet darin unter anderem auch \u00fcber ihr Gespr\u00e4ch mit einer Projektteilnehmerin und Carmen Dreyer vom Familienh\u00f6rbuch-Team. Gleich lesen: Ab Seite [&hellip;]<\/p>","protected":false},"author":3,"featured_media":5836,"comment_status":"closed","ping_status":"open","sticky":false,"template":"","format":"standard","meta":{"_acf_changed":false,"footnotes":""},"categories":[13,113],"tags":[69,138,139,140,141,142,143],"class_list":["post-5835","post","type-post","status-publish","format-standard","has-post-thumbnail","hentry","category-archiv","category-print-digital","tag-artikel","tag-cne","tag-magazin","tag-pflege","tag-silja-schwenke","tag-thieme","tag-verlag"],"acf":[],"_links":{"self":[{"href":"https:\/\/familienhoerbuch.de\/en\/wp-json\/wp\/v2\/posts\/5835","targetHints":{"allow":["GET"]}}],"collection":[{"href":"https:\/\/familienhoerbuch.de\/en\/wp-json\/wp\/v2\/posts"}],"about":[{"href":"https:\/\/familienhoerbuch.de\/en\/wp-json\/wp\/v2\/types\/post"}],"author":[{"embeddable":true,"href":"https:\/\/familienhoerbuch.de\/en\/wp-json\/wp\/v2\/users\/3"}],"replies":[{"embeddable":true,"href":"https:\/\/familienhoerbuch.de\/en\/wp-json\/wp\/v2\/comments?post=5835"}],"version-history":[{"count":1,"href":"https:\/\/familienhoerbuch.de\/en\/wp-json\/wp\/v2\/posts\/5835\/revisions"}],"predecessor-version":[{"id":15244,"href":"https:\/\/familienhoerbuch.de\/en\/wp-json\/wp\/v2\/posts\/5835\/revisions\/15244"}],"wp:featuredmedia":[{"embeddable":true,"href":"https:\/\/familienhoerbuch.de\/en\/wp-json\/wp\/v2\/media\/5836"}],"wp:attachment":[{"href":"https:\/\/familienhoerbuch.de\/en\/wp-json\/wp\/v2\/media?parent=5835"}],"wp:term":[{"taxonomy":"category","embeddable":true,"href":"https:\/\/familienhoerbuch.de\/en\/wp-json\/wp\/v2\/categories?post=5835"},{"taxonomy":"post_tag","embeddable":true,"href":"https:\/\/familienhoerbuch.de\/en\/wp-json\/wp\/v2\/tags?post=5835"}],"curies":[{"name":"wp","href":"https:\/\/api.w.org\/{rel}","templated":true}]}}