{"id":5813,"date":"2024-05-13T11:33:39","date_gmt":"2024-05-13T10:33:39","guid":{"rendered":"https:\/\/familienhoerbuch.de\/?p=5813"},"modified":"2026-04-28T16:09:24","modified_gmt":"2026-04-28T14:09:24","slug":"yescon-5-0","status":"publish","type":"post","link":"https:\/\/familienhoerbuch.de\/en\/yescon-5-0\/","title":{"rendered":"YES!CON 5.0"},"content":{"rendered":"<p>Am 4. und 5. Mai fand in der Hauptstadtrepr\u00e4sentanz der Telekom die diesj\u00e4hrige <a href=\"https:\/\/www.yescon.org\/\">Yes!Con<\/a> statt. Betroffene und Fachexperten suchten auf dieser gro\u00dfen Krebs-Convention bereits zum f\u00fcnften Mal den Austausch. Neben einem Marktplatz mit innovativen Ausstellern standen Workshops, Panels und Preisverleihungen auf dem Programm. Das Familienh\u00f6rbuch war erstmals mit einem eigenen Stand vertreten und freute sich \u00fcber regen Zuspruch. <\/p>\n\n\n\n<p>Der diesj\u00e4hrige Shine a Light Award ging an <a href=\"https:\/\/www.linkedin.com\/company\/flugkraft-%E2%80%A2-foto--&amp;-hilfsprojekt-f%C3%BCr-krebskranke\/\">Flugkraft \u2022 Foto- &amp; Hilfsprojekt f\u00fcr Krebskranke<\/a>, <a href=\"https:\/\/www.linkedin.com\/in\/dr-babett-baraniec-4b04ab304\/\">Babett Dr. Baraniec<\/a> (Krebs Campus) und <a href=\"https:\/\/www.linkedin.com\/company\/fl%C3%BCsterpost-e.v.---unterst%C3%BCtzung-f%C3%BCr-kinder-krebskranker-eltern\/\">Fl\u00fcsterpost e.V. &#8211; Unterst\u00fctzung f\u00fcr Kinder krebskranker Eltern<\/a>, der YES!AWARD Ring of Courage an die Prominenten <a href=\"https:\/\/www.linkedin.com\/in\/joko-winterscheidt-88a92677\/\">Joko Winterscheidt<\/a> und Klaas Heufer-Umlauf.<br><br><\/p>","protected":false},"excerpt":{"rendered":"<p>Am 4. und 5. Mai fand in der Hauptstadtrepr\u00e4sentanz der Telekom die diesj\u00e4hrige Yes!Con statt. Betroffene und Fachexperten suchten auf dieser gro\u00dfen Krebs-Convention bereits zum f\u00fcnften Mal den Austausch. Neben einem Marktplatz mit innovativen Ausstellern standen Workshops, Panels und Preisverleihungen auf dem Programm. Das Familienh\u00f6rbuch war erstmals mit einem eigenen Stand vertreten und freute sich [&hellip;]<\/p>","protected":false},"author":3,"featured_media":5814,"comment_status":"closed","ping_status":"open","sticky":false,"template":"","format":"standard","meta":{"_acf_changed":false,"footnotes":""},"categories":[13,116],"tags":[184,32,185,186,187,188,189],"class_list":["post-5813","post","type-post","status-publish","format-standard","has-post-thumbnail","hentry","category-archiv","category-veranstaltungen","tag-berlin","tag-krebs","tag-krebsconvention","tag-messe","tag-veranstaltung","tag-yescon","tag-yeswecancer"],"acf":[],"_links":{"self":[{"href":"https:\/\/familienhoerbuch.de\/en\/wp-json\/wp\/v2\/posts\/5813","targetHints":{"allow":["GET"]}}],"collection":[{"href":"https:\/\/familienhoerbuch.de\/en\/wp-json\/wp\/v2\/posts"}],"about":[{"href":"https:\/\/familienhoerbuch.de\/en\/wp-json\/wp\/v2\/types\/post"}],"author":[{"embeddable":true,"href":"https:\/\/familienhoerbuch.de\/en\/wp-json\/wp\/v2\/users\/3"}],"replies":[{"embeddable":true,"href":"https:\/\/familienhoerbuch.de\/en\/wp-json\/wp\/v2\/comments?post=5813"}],"version-history":[{"count":1,"href":"https:\/\/familienhoerbuch.de\/en\/wp-json\/wp\/v2\/posts\/5813\/revisions"}],"predecessor-version":[{"id":15246,"href":"https:\/\/familienhoerbuch.de\/en\/wp-json\/wp\/v2\/posts\/5813\/revisions\/15246"}],"wp:featuredmedia":[{"embeddable":true,"href":"https:\/\/familienhoerbuch.de\/en\/wp-json\/wp\/v2\/media\/5814"}],"wp:attachment":[{"href":"https:\/\/familienhoerbuch.de\/en\/wp-json\/wp\/v2\/media?parent=5813"}],"wp:term":[{"taxonomy":"category","embeddable":true,"href":"https:\/\/familienhoerbuch.de\/en\/wp-json\/wp\/v2\/categories?post=5813"},{"taxonomy":"post_tag","embeddable":true,"href":"https:\/\/familienhoerbuch.de\/en\/wp-json\/wp\/v2\/tags?post=5813"}],"curies":[{"name":"wp","href":"https:\/\/api.w.org\/{rel}","templated":true}]}}