{"id":5787,"date":"2024-04-26T11:05:59","date_gmt":"2024-04-26T10:05:59","guid":{"rendered":"https:\/\/familienhoerbuch.de\/?p=5787"},"modified":"2024-04-26T11:05:59","modified_gmt":"2024-04-26T10:05:59","slug":"bundesverdienstkreuz-fuer-judith-gruemmer","status":"publish","type":"post","link":"https:\/\/familienhoerbuch.de\/en\/bundesverdienstkreuz-fuer-judith-gruemmer\/","title":{"rendered":"Bundesverdienstkreuz f\u00fcr Judith Gr\u00fcmmer"},"content":{"rendered":"<p>In K\u00f6ln fand am 26. April 2024 eine feierliche \u00dcbergabe statt, in die das Familienh\u00f6rbuch involviert war. Gr\u00fcnderin und Gesch\u00e4ftsf\u00fchrerin Judith Gr\u00fcmmer bekam das von Bundespr\u00e4sident Frank Walter Steinmeier verliehene Bundesverdienstkreuz von Oberb\u00fcrgermeisterin Henriette Reker \u00fcberreicht. Dieser Verdienstorden ist die h\u00f6chste Anerkennung, die die Bundesrepublik f\u00fcr Verdienste um das Gemeinwohl ausspricht. Er wird f\u00fcr politische, wirtschaftlich-soziale und geistige Leistungen verliehen.<\/p>\n\n\n\n<p><a href=\"https:\/\/www.meinesuedstadt.de\/\">MeineS\u00fcdstadt<\/a> berichtete direkt: <a href=\"https:\/\/www.meinesuedstadt.de\/bundesverdienstkreuz-fuer-familienhoerbuch\/\">Zum Artikel<\/a><\/p>\n\n\n\n<p>Der <a href=\"https:\/\/www1.wdr.de\/index.html\">WDR<\/a> zog nach: <a href=\"https:\/\/www1.wdr.de\/nachrichten\/rheinland\/koeln-familienhoerbuch-fuer-palliativpatienten-erfinderin-bundesverdienstkreuz-100.html\">Zum Artikel<\/a><\/p>\n\n\n\n<p><a href=\"https:\/\/www.meinesuedstadt.de\/branchenverzeichnis\/zwoelfgrad\/\" target=\"_blank\" rel=\"noreferrer noopener\"><\/a><\/p>\n\n\n\n<p><a href=\"https:\/\/www.meinesuedstadt.de\/branchenverzeichnis\/zwoelfgrad\/\" target=\"_blank\" rel=\"noreferrer noopener\"><\/a><\/p>","protected":false},"excerpt":{"rendered":"<p>In K\u00f6ln fand am 26. April 2024 eine feierliche \u00dcbergabe statt, in die das Familienh\u00f6rbuch involviert war. Gr\u00fcnderin und Gesch\u00e4ftsf\u00fchrerin Judith Gr\u00fcmmer bekam das von Bundespr\u00e4sident Frank Walter Steinmeier verliehene Bundesverdienstkreuz von Oberb\u00fcrgermeisterin Henriette Reker \u00fcberreicht. Dieser Verdienstorden ist die h\u00f6chste Anerkennung, die die Bundesrepublik f\u00fcr Verdienste um das Gemeinwohl ausspricht. Er wird f\u00fcr politische, [&hellip;]<\/p>","protected":false},"author":3,"featured_media":5789,"comment_status":"closed","ping_status":"open","sticky":false,"template":"","format":"standard","meta":{"_acf_changed":false,"footnotes":""},"categories":[13,207],"tags":[14,15,16,17,18,19,20],"class_list":["post-5787","post","type-post","status-publish","format-standard","has-post-thumbnail","hentry","category-archiv","category-nominierungen-auszeichnungen","tag-auszeichnung","tag-bundesverdienstkreuz","tag-judith-gruemmer","tag-koeln","tag-oberbuergermeisterin","tag-orden","tag-verleihung"],"acf":[],"_links":{"self":[{"href":"https:\/\/familienhoerbuch.de\/en\/wp-json\/wp\/v2\/posts\/5787","targetHints":{"allow":["GET"]}}],"collection":[{"href":"https:\/\/familienhoerbuch.de\/en\/wp-json\/wp\/v2\/posts"}],"about":[{"href":"https:\/\/familienhoerbuch.de\/en\/wp-json\/wp\/v2\/types\/post"}],"author":[{"embeddable":true,"href":"https:\/\/familienhoerbuch.de\/en\/wp-json\/wp\/v2\/users\/3"}],"replies":[{"embeddable":true,"href":"https:\/\/familienhoerbuch.de\/en\/wp-json\/wp\/v2\/comments?post=5787"}],"version-history":[{"count":0,"href":"https:\/\/familienhoerbuch.de\/en\/wp-json\/wp\/v2\/posts\/5787\/revisions"}],"wp:featuredmedia":[{"embeddable":true,"href":"https:\/\/familienhoerbuch.de\/en\/wp-json\/wp\/v2\/media\/5789"}],"wp:attachment":[{"href":"https:\/\/familienhoerbuch.de\/en\/wp-json\/wp\/v2\/media?parent=5787"}],"wp:term":[{"taxonomy":"category","embeddable":true,"href":"https:\/\/familienhoerbuch.de\/en\/wp-json\/wp\/v2\/categories?post=5787"},{"taxonomy":"post_tag","embeddable":true,"href":"https:\/\/familienhoerbuch.de\/en\/wp-json\/wp\/v2\/tags?post=5787"}],"curies":[{"name":"wp","href":"https:\/\/api.w.org\/{rel}","templated":true}]}}