{"id":5687,"date":"2024-04-03T13:56:24","date_gmt":"2024-04-03T12:56:24","guid":{"rendered":"https:\/\/familienhoerbuch.de\/?p=5687"},"modified":"2026-04-28T16:09:24","modified_gmt":"2026-04-28T14:09:24","slug":"grefrath-sonderausstellung","status":"publish","type":"post","link":"https:\/\/familienhoerbuch.de\/en\/grefrath-sonderausstellung\/","title":{"rendered":"Grefrath: Sonderausstellung"},"content":{"rendered":"<p>Das Familienh\u00f6rbuch ist Teil einer besonderen Ausstellung (Schwerpunkt: Leben mit dem Tod), die von M\u00e4rz bis September 2024 im Niederrheinischen Freilichtmuseum stattfindet. Insgesamt 50 Leihgaben werden pr\u00e4sentiert. Die vielf\u00e4ltige Sammlung zum Thema Sterben besch\u00e4ftigt sich unter anderem auch mit traditionellen Br\u00e4uchen aus dem Rheinland und einer filmischen Dokumentation eines modernen Krematoriums.<\/p>\n\n\n\n<p><\/p>","protected":false},"excerpt":{"rendered":"<p>Das Familienh\u00f6rbuch ist Teil einer besonderen Ausstellung (Schwerpunkt: Leben mit dem Tod), die von M\u00e4rz bis September 2024 im Niederrheinischen Freilichtmuseum stattfindet. Insgesamt 50 Leihgaben werden pr\u00e4sentiert. Die vielf\u00e4ltige Sammlung zum Thema Sterben besch\u00e4ftigt sich unter anderem auch mit traditionellen Br\u00e4uchen aus dem Rheinland und einer filmischen Dokumentation eines modernen Krematoriums.<\/p>","protected":false},"author":3,"featured_media":5692,"comment_status":"closed","ping_status":"open","sticky":false,"template":"","format":"standard","meta":{"_acf_changed":false,"footnotes":""},"categories":[13,119],"tags":[201,202,203,82],"class_list":["post-5687","post","type-post","status-publish","format-standard","has-post-thumbnail","hentry","category-archiv","category-sonstiges","tag-ausstellung","tag-museum","tag-sammlung","tag-sterben"],"acf":[],"_links":{"self":[{"href":"https:\/\/familienhoerbuch.de\/en\/wp-json\/wp\/v2\/posts\/5687","targetHints":{"allow":["GET"]}}],"collection":[{"href":"https:\/\/familienhoerbuch.de\/en\/wp-json\/wp\/v2\/posts"}],"about":[{"href":"https:\/\/familienhoerbuch.de\/en\/wp-json\/wp\/v2\/types\/post"}],"author":[{"embeddable":true,"href":"https:\/\/familienhoerbuch.de\/en\/wp-json\/wp\/v2\/users\/3"}],"replies":[{"embeddable":true,"href":"https:\/\/familienhoerbuch.de\/en\/wp-json\/wp\/v2\/comments?post=5687"}],"version-history":[{"count":1,"href":"https:\/\/familienhoerbuch.de\/en\/wp-json\/wp\/v2\/posts\/5687\/revisions"}],"predecessor-version":[{"id":15253,"href":"https:\/\/familienhoerbuch.de\/en\/wp-json\/wp\/v2\/posts\/5687\/revisions\/15253"}],"wp:featuredmedia":[{"embeddable":true,"href":"https:\/\/familienhoerbuch.de\/en\/wp-json\/wp\/v2\/media\/5692"}],"wp:attachment":[{"href":"https:\/\/familienhoerbuch.de\/en\/wp-json\/wp\/v2\/media?parent=5687"}],"wp:term":[{"taxonomy":"category","embeddable":true,"href":"https:\/\/familienhoerbuch.de\/en\/wp-json\/wp\/v2\/categories?post=5687"},{"taxonomy":"post_tag","embeddable":true,"href":"https:\/\/familienhoerbuch.de\/en\/wp-json\/wp\/v2\/tags?post=5687"}],"curies":[{"name":"wp","href":"https:\/\/api.w.org\/{rel}","templated":true}]}}