{"id":5629,"date":"2024-03-18T09:35:43","date_gmt":"2024-03-18T08:35:43","guid":{"rendered":"https:\/\/familienhoerbuch.de\/?p=5629"},"modified":"2026-04-28T16:09:25","modified_gmt":"2026-04-28T14:09:25","slug":"lokalzeit-koeln","status":"publish","type":"post","link":"https:\/\/familienhoerbuch.de\/en\/lokalzeit-koeln\/","title":{"rendered":"Lokalzeit K\u00f6ln"},"content":{"rendered":"<p>In der ARD-Mediathek gibt es eine neue Ausgabe der <a href=\"https:\/\/www.ardmediathek.de\/video\/lokalzeit-aus-koeln\/lokalzeit-koeln-oder-15-03-2024\/wdr-koeln\/Y3JpZDovL3dkci5kZS9CZWl0cmFnLXNvcGhvcmEtODZjODg2MWEtNTBiMS00Mzk2LWI4ZGUtMTQ0YWU4MTk2YzVj\">LOKALZEIT K\u00d6LN<\/a> (vom 15.03.2024). Dort wird ab <strong>Minute 16<\/strong> \u00fcber das Familienh\u00f6rbuch berichtet. Eine Projektteilnehmerin, die vierfache Mutter ist und zudem schwer erkrankt, und eine Audiobiografin gew\u00e4hrten dem Redaktionsteam exklusive Einblicke. Die Aufnahmen fanden im Tonstudio Studio X.1 in K\u00f6ln statt. <\/p>","protected":false},"excerpt":{"rendered":"<p>In der ARD-Mediathek gibt es eine neue Ausgabe der LOKALZEIT K\u00d6LN (vom 15.03.2024). Dort wird ab Minute 16 \u00fcber das Familienh\u00f6rbuch berichtet. Eine Projektteilnehmerin, die vierfache Mutter ist und zudem schwer erkrankt, und eine Audiobiografin gew\u00e4hrten dem Redaktionsteam exklusive Einblicke. Die Aufnahmen fanden im Tonstudio Studio X.1 in K\u00f6ln statt.<\/p>","protected":false},"author":3,"featured_media":5630,"comment_status":"closed","ping_status":"open","sticky":false,"template":"","format":"standard","meta":{"_acf_changed":false,"footnotes":""},"categories":[13,112],"tags":[126,127,128,129,48,130],"class_list":["post-5629","post","type-post","status-publish","format-standard","has-post-thumbnail","hentry","category-archiv","category-tv-archiv","tag-ard","tag-audiobiografin","tag-lokalzeit-koeln","tag-mediathek","tag-projektteilnehmerin","tag-tonstudio"],"acf":[],"_links":{"self":[{"href":"https:\/\/familienhoerbuch.de\/en\/wp-json\/wp\/v2\/posts\/5629","targetHints":{"allow":["GET"]}}],"collection":[{"href":"https:\/\/familienhoerbuch.de\/en\/wp-json\/wp\/v2\/posts"}],"about":[{"href":"https:\/\/familienhoerbuch.de\/en\/wp-json\/wp\/v2\/types\/post"}],"author":[{"embeddable":true,"href":"https:\/\/familienhoerbuch.de\/en\/wp-json\/wp\/v2\/users\/3"}],"replies":[{"embeddable":true,"href":"https:\/\/familienhoerbuch.de\/en\/wp-json\/wp\/v2\/comments?post=5629"}],"version-history":[{"count":1,"href":"https:\/\/familienhoerbuch.de\/en\/wp-json\/wp\/v2\/posts\/5629\/revisions"}],"predecessor-version":[{"id":15256,"href":"https:\/\/familienhoerbuch.de\/en\/wp-json\/wp\/v2\/posts\/5629\/revisions\/15256"}],"wp:featuredmedia":[{"embeddable":true,"href":"https:\/\/familienhoerbuch.de\/en\/wp-json\/wp\/v2\/media\/5630"}],"wp:attachment":[{"href":"https:\/\/familienhoerbuch.de\/en\/wp-json\/wp\/v2\/media?parent=5629"}],"wp:term":[{"taxonomy":"category","embeddable":true,"href":"https:\/\/familienhoerbuch.de\/en\/wp-json\/wp\/v2\/categories?post=5629"},{"taxonomy":"post_tag","embeddable":true,"href":"https:\/\/familienhoerbuch.de\/en\/wp-json\/wp\/v2\/tags?post=5629"}],"curies":[{"name":"wp","href":"https:\/\/api.w.org\/{rel}","templated":true}]}}