{"id":5624,"date":"2024-03-17T14:13:31","date_gmt":"2024-03-17T13:13:31","guid":{"rendered":"https:\/\/familienhoerbuch.de\/?p=5624"},"modified":"2026-04-28T16:09:25","modified_gmt":"2026-04-28T14:09:25","slug":"purpose-podium","status":"publish","type":"post","link":"https:\/\/familienhoerbuch.de\/en\/purpose-podium\/","title":{"rendered":"Purpose Podium"},"content":{"rendered":"<p><a href=\"https:\/\/www.linkedin.com\/in\/rebecca-trautwein\/?originalSubdomain=de\">Becci Trautwein<\/a>, Host des Purpose Podium Podcasts, ist Social Media Managerin von Beruf, B\u00fcrgerpreistr\u00e4gerin und zudem ehrenamtliche Bundesvorsitzende beim <a href=\"https:\/\/www.akik.de\/\">Aktionskomitee Kind im Krankenhaus<\/a>. Sie hat ihr Podcast-Format ins Leben gerufen, um Millennials und die Gen-Z f\u00fcr ein Ehrenamt zu begeistern. In <a href=\"https:\/\/open.spotify.com\/episode\/3VtOrc9ZLXb4HNCsFJo3qo\">Folge 8<\/a> stellt sie das Familienh\u00f6rbuch vor und spricht mit <a href=\"https:\/\/familienhoerbuch.de\/en\/carmen-dreyer\/\">Carmen Dreyer (PR &amp; Social Media)<\/a> unter anderem auch \u00fcber M\u00f6glichkeiten, sich im Familienh\u00f6rbuch-Team ehrenamtlich zu engagieren.<\/p>","protected":false},"excerpt":{"rendered":"<p>Becci Trautwein, Host des Purpose Podium Podcasts, ist Social Media Managerin von Beruf, B\u00fcrgerpreistr\u00e4gerin und zudem ehrenamtliche Bundesvorsitzende beim Aktionskomitee Kind im Krankenhaus. Sie hat ihr Podcast-Format ins Leben gerufen, um Millennials und die Gen-Z f\u00fcr ein Ehrenamt zu begeistern. In Folge 8 stellt sie das Familienh\u00f6rbuch vor und spricht mit Carmen Dreyer (PR &amp; [&hellip;]<\/p>","protected":false},"author":3,"featured_media":5621,"comment_status":"closed","ping_status":"open","sticky":false,"template":"","format":"standard","meta":{"_acf_changed":false,"footnotes":""},"categories":[13,114],"tags":[150,28,34,151],"class_list":["post-5624","post","type-post","status-publish","format-standard","has-post-thumbnail","hentry","category-archiv","category-podcast","tag-ehrenamt","tag-familienhoerbuch","tag-podcast","tag-stimme"],"acf":[],"_links":{"self":[{"href":"https:\/\/familienhoerbuch.de\/en\/wp-json\/wp\/v2\/posts\/5624","targetHints":{"allow":["GET"]}}],"collection":[{"href":"https:\/\/familienhoerbuch.de\/en\/wp-json\/wp\/v2\/posts"}],"about":[{"href":"https:\/\/familienhoerbuch.de\/en\/wp-json\/wp\/v2\/types\/post"}],"author":[{"embeddable":true,"href":"https:\/\/familienhoerbuch.de\/en\/wp-json\/wp\/v2\/users\/3"}],"replies":[{"embeddable":true,"href":"https:\/\/familienhoerbuch.de\/en\/wp-json\/wp\/v2\/comments?post=5624"}],"version-history":[{"count":1,"href":"https:\/\/familienhoerbuch.de\/en\/wp-json\/wp\/v2\/posts\/5624\/revisions"}],"predecessor-version":[{"id":15257,"href":"https:\/\/familienhoerbuch.de\/en\/wp-json\/wp\/v2\/posts\/5624\/revisions\/15257"}],"wp:featuredmedia":[{"embeddable":true,"href":"https:\/\/familienhoerbuch.de\/en\/wp-json\/wp\/v2\/media\/5621"}],"wp:attachment":[{"href":"https:\/\/familienhoerbuch.de\/en\/wp-json\/wp\/v2\/media?parent=5624"}],"wp:term":[{"taxonomy":"category","embeddable":true,"href":"https:\/\/familienhoerbuch.de\/en\/wp-json\/wp\/v2\/categories?post=5624"},{"taxonomy":"post_tag","embeddable":true,"href":"https:\/\/familienhoerbuch.de\/en\/wp-json\/wp\/v2\/tags?post=5624"}],"curies":[{"name":"wp","href":"https:\/\/api.w.org\/{rel}","templated":true}]}}