{"id":5619,"date":"2024-03-17T14:04:08","date_gmt":"2024-03-17T13:04:08","guid":{"rendered":"https:\/\/familienhoerbuch.de\/?p=5619"},"modified":"2026-04-28T16:09:08","modified_gmt":"2026-04-28T14:09:08","slug":"podcast-talk-about-tod","status":"publish","type":"post","link":"https:\/\/familienhoerbuch.de\/en\/podcast-talk-about-tod\/","title":{"rendered":"Podcast: TALK ABOUT TOD"},"content":{"rendered":"<p>Das Bestattungshaus P\u00fctz-Roth aus Bergisch Gladbach ist schon seit Jahren ein Vorreiter f\u00fcr einen offenen Umgang mit den Themen Tod und Trauer und hat fr\u00fch sehr individuelle M\u00f6glichkeiten er\u00f6ffnet, damit jeder so trauern kann, wie er es braucht. Sogar f\u00fcr fragende Schulklassen ist P\u00fctz-Roth offen. Familienh\u00f6rbuch-Gr\u00fcnderin Judith Gr\u00fcmmer war zu Gast beim hauseigenen Podcast-Format: <a href=\"https:\/\/www.puetz-roth.de\/talk-about-tod-49-kann-man-einem-verstorbenen-zuhoeren.aspx\">rein h\u00f6ren<\/a>.<\/p>\n\n\n\n<p><\/p>","protected":false},"excerpt":{"rendered":"<p>Das Bestattungshaus P\u00fctz-Roth aus Bergisch Gladbach ist schon seit Jahren ein Vorreiter f\u00fcr einen offenen Umgang mit den Themen Tod und Trauer und hat fr\u00fch sehr individuelle M\u00f6glichkeiten er\u00f6ffnet, damit jeder so trauern kann, wie er es braucht. Sogar f\u00fcr fragende Schulklassen ist P\u00fctz-Roth offen. Familienh\u00f6rbuch-Gr\u00fcnderin Judith Gr\u00fcmmer war zu Gast beim hauseigenen Podcast-Format: rein [&hellip;]<\/p>","protected":false},"author":3,"featured_media":5620,"comment_status":"closed","ping_status":"open","sticky":false,"template":"","format":"standard","meta":{"_acf_changed":false,"footnotes":""},"categories":[13,114],"tags":[146,147,148,149,34],"class_list":["post-5619","post","type-post","status-publish","format-standard","has-post-thumbnail","hentry","category-archiv","category-podcast","tag-bergisch-gladbach","tag-bestatter","tag-gruemmer","tag-judith","tag-podcast"],"acf":[],"_links":{"self":[{"href":"https:\/\/familienhoerbuch.de\/en\/wp-json\/wp\/v2\/posts\/5619","targetHints":{"allow":["GET"]}}],"collection":[{"href":"https:\/\/familienhoerbuch.de\/en\/wp-json\/wp\/v2\/posts"}],"about":[{"href":"https:\/\/familienhoerbuch.de\/en\/wp-json\/wp\/v2\/types\/post"}],"author":[{"embeddable":true,"href":"https:\/\/familienhoerbuch.de\/en\/wp-json\/wp\/v2\/users\/3"}],"replies":[{"embeddable":true,"href":"https:\/\/familienhoerbuch.de\/en\/wp-json\/wp\/v2\/comments?post=5619"}],"version-history":[{"count":1,"href":"https:\/\/familienhoerbuch.de\/en\/wp-json\/wp\/v2\/posts\/5619\/revisions"}],"predecessor-version":[{"id":15222,"href":"https:\/\/familienhoerbuch.de\/en\/wp-json\/wp\/v2\/posts\/5619\/revisions\/15222"}],"wp:featuredmedia":[{"embeddable":true,"href":"https:\/\/familienhoerbuch.de\/en\/wp-json\/wp\/v2\/media\/5620"}],"wp:attachment":[{"href":"https:\/\/familienhoerbuch.de\/en\/wp-json\/wp\/v2\/media?parent=5619"}],"wp:term":[{"taxonomy":"category","embeddable":true,"href":"https:\/\/familienhoerbuch.de\/en\/wp-json\/wp\/v2\/categories?post=5619"},{"taxonomy":"post_tag","embeddable":true,"href":"https:\/\/familienhoerbuch.de\/en\/wp-json\/wp\/v2\/tags?post=5619"}],"curies":[{"name":"wp","href":"https:\/\/api.w.org\/{rel}","templated":true}]}}