{"id":5478,"date":"2024-02-20T21:11:29","date_gmt":"2024-02-20T20:11:29","guid":{"rendered":"https:\/\/familienhoerbuch.de\/?p=5478"},"modified":"2026-04-28T16:09:08","modified_gmt":"2026-04-28T14:09:08","slug":"hamburger-strassenmagazin-berichtet","status":"publish","type":"post","link":"https:\/\/familienhoerbuch.de\/en\/hamburger-strassenmagazin-berichtet\/","title":{"rendered":"Hamburger Stra\u00dfenmagazin berichtet"},"content":{"rendered":"<p>In der aktuellen Ausgabe von Hinz &amp; Kunzt erschien ein Text von Yasemin Ergin \u00fcber das Familienh\u00f6rbuch. Sie hat mit einer unserer Audiobiografinnen (<a href=\"https:\/\/familienhoerbuch.de\/en\/stefanie-wittgenstein-audiobiografin-hamburg\/\">Stefanie Wittgenstein<\/a>) gesprochen und beleuchtet die Arbeit der Familienh\u00f6rbuch gGmbH n\u00e4her. <\/p>\n\n\n\n<p>Das auflagenst\u00e4rkste deutsche Stra\u00dfenmagazin ist ein professionell erstelltes Produkt, an welchem Journalist:innen, Fotograf:innen, Grafiker:innen und Illustrator:innen mitarbeiten. Es finden sich aktuelle Nachrichten und Hintergrundberichte \u00fcber Soziales, Politik und das Geschehen in der Stadt. Gleichzeitig ist das Medienprodukt die Stimme eines Projekts, das sich als Lobby f\u00fcr Arme versteht.<\/p>\n\n\n\n<figure class=\"wp-block-image size-full\"><img fetchpriority=\"high\" decoding=\"async\" width=\"810\" height=\"810\" src=\"https:\/\/familienhoerbuch.de\/wp-content\/uploads\/2024\/02\/Design-ohne-Titel58.png\" alt=\"\" class=\"wp-image-5484\" srcset=\"https:\/\/familienhoerbuch.de\/wp-content\/uploads\/2024\/02\/Design-ohne-Titel58.png 810w, https:\/\/familienhoerbuch.de\/wp-content\/uploads\/2024\/02\/Design-ohne-Titel58-300x300.png 300w, https:\/\/familienhoerbuch.de\/wp-content\/uploads\/2024\/02\/Design-ohne-Titel58-150x150.png 150w, https:\/\/familienhoerbuch.de\/wp-content\/uploads\/2024\/02\/Design-ohne-Titel58-768x768.png 768w\" sizes=\"(max-width: 810px) 100vw, 810px\" \/><\/figure>\n\n\n\n<p class=\"has-small-font-size\">Fotos im Magazin: Imke Lass<br><\/p>","protected":false},"excerpt":{"rendered":"<p>In der aktuellen Ausgabe von Hinz &amp; Kunzt erschien ein Text von Yasemin Ergin \u00fcber das Familienh\u00f6rbuch. Sie hat mit einer unserer Audiobiografinnen (Stefanie Wittgenstein) gesprochen und beleuchtet die Arbeit der Familienh\u00f6rbuch gGmbH n\u00e4her. Das auflagenst\u00e4rkste deutsche Stra\u00dfenmagazin ist ein professionell erstelltes Produkt, an welchem Journalist:innen, Fotograf:innen, Grafiker:innen und Illustrator:innen mitarbeiten. Es finden sich aktuelle [&hellip;]<\/p>","protected":false},"author":3,"featured_media":5481,"comment_status":"closed","ping_status":"open","sticky":false,"template":"","format":"standard","meta":{"_acf_changed":false,"footnotes":""},"categories":[13,113],"tags":[127,52],"class_list":["post-5478","post","type-post","status-publish","format-standard","has-post-thumbnail","hentry","category-archiv","category-print-digital","tag-audiobiografin","tag-medienbericht"],"acf":[],"_links":{"self":[{"href":"https:\/\/familienhoerbuch.de\/en\/wp-json\/wp\/v2\/posts\/5478","targetHints":{"allow":["GET"]}}],"collection":[{"href":"https:\/\/familienhoerbuch.de\/en\/wp-json\/wp\/v2\/posts"}],"about":[{"href":"https:\/\/familienhoerbuch.de\/en\/wp-json\/wp\/v2\/types\/post"}],"author":[{"embeddable":true,"href":"https:\/\/familienhoerbuch.de\/en\/wp-json\/wp\/v2\/users\/3"}],"replies":[{"embeddable":true,"href":"https:\/\/familienhoerbuch.de\/en\/wp-json\/wp\/v2\/comments?post=5478"}],"version-history":[{"count":1,"href":"https:\/\/familienhoerbuch.de\/en\/wp-json\/wp\/v2\/posts\/5478\/revisions"}],"predecessor-version":[{"id":15228,"href":"https:\/\/familienhoerbuch.de\/en\/wp-json\/wp\/v2\/posts\/5478\/revisions\/15228"}],"wp:featuredmedia":[{"embeddable":true,"href":"https:\/\/familienhoerbuch.de\/en\/wp-json\/wp\/v2\/media\/5481"}],"wp:attachment":[{"href":"https:\/\/familienhoerbuch.de\/en\/wp-json\/wp\/v2\/media?parent=5478"}],"wp:term":[{"taxonomy":"category","embeddable":true,"href":"https:\/\/familienhoerbuch.de\/en\/wp-json\/wp\/v2\/categories?post=5478"},{"taxonomy":"post_tag","embeddable":true,"href":"https:\/\/familienhoerbuch.de\/en\/wp-json\/wp\/v2\/tags?post=5478"}],"curies":[{"name":"wp","href":"https:\/\/api.w.org\/{rel}","templated":true}]}}