{"id":5467,"date":"2024-02-19T11:48:47","date_gmt":"2024-02-19T10:48:47","guid":{"rendered":"https:\/\/familienhoerbuch.de\/?p=5467"},"modified":"2026-04-28T16:09:08","modified_gmt":"2026-04-28T14:09:08","slug":"podcast-die-gesellschaft-besser-machen","status":"publish","type":"post","link":"https:\/\/familienhoerbuch.de\/en\/podcast-die-gesellschaft-besser-machen\/","title":{"rendered":"Podcast: Die Gesellschaft besser machen"},"content":{"rendered":"<p class=\"has-small-font-size\"><\/p>\n\n\n\n<p>Am 8. Februar ver\u00f6ffentlichte die <a href=\"https:\/\/koerber-stiftung.de\/\">K\u00f6rber-Stiftung<\/a> eine spannende Ausgabe ihres Kurz-Podcasts \u201eDie Gesellschaft besser machen\u201c. Psychologin Diana Huth sprach in der betreffenden Folge mit Judith Gr\u00fcmmer \u00fcber die emotionale und intime Arbeit im Rahmen des Familienh\u00f6rbuchs. \u00dcberraschend: Das Format hat erstmals \u00dcberl\u00e4nge, da man den Inhalt \u00fcber redaktionelle Richtlinien siegen lies.<\/p>\n\n\n\n<p><a href=\"https:\/\/www.youtube.com\/watch?v=bjbzmrTRo88\">Direkt zur Folge<\/a><\/p>\n\n\n\n<p><\/p>\n\n\n\n<p>Foto: Georg Lukas<\/p>","protected":false},"excerpt":{"rendered":"<p>Am 8. Februar ver\u00f6ffentlichte die K\u00f6rber-Stiftung eine spannende Ausgabe ihres Kurz-Podcasts \u201eDie Gesellschaft besser machen\u201c. Psychologin Diana Huth sprach in der betreffenden Folge mit Judith Gr\u00fcmmer \u00fcber die emotionale und intime Arbeit im Rahmen des Familienh\u00f6rbuchs. \u00dcberraschend: Das Format hat erstmals \u00dcberl\u00e4nge, da man den Inhalt \u00fcber redaktionelle Richtlinien siegen lies. Direkt zur Folge Foto: [&hellip;]<\/p>","protected":false},"author":3,"featured_media":5468,"comment_status":"closed","ping_status":"open","sticky":false,"template":"","format":"standard","meta":{"_acf_changed":false,"footnotes":""},"categories":[13,114],"tags":[145,34],"class_list":["post-5467","post","type-post","status-publish","format-standard","has-post-thumbnail","hentry","category-archiv","category-podcast","tag-koerber-stiftung","tag-podcast"],"acf":[],"_links":{"self":[{"href":"https:\/\/familienhoerbuch.de\/en\/wp-json\/wp\/v2\/posts\/5467","targetHints":{"allow":["GET"]}}],"collection":[{"href":"https:\/\/familienhoerbuch.de\/en\/wp-json\/wp\/v2\/posts"}],"about":[{"href":"https:\/\/familienhoerbuch.de\/en\/wp-json\/wp\/v2\/types\/post"}],"author":[{"embeddable":true,"href":"https:\/\/familienhoerbuch.de\/en\/wp-json\/wp\/v2\/users\/3"}],"replies":[{"embeddable":true,"href":"https:\/\/familienhoerbuch.de\/en\/wp-json\/wp\/v2\/comments?post=5467"}],"version-history":[{"count":1,"href":"https:\/\/familienhoerbuch.de\/en\/wp-json\/wp\/v2\/posts\/5467\/revisions"}],"predecessor-version":[{"id":15229,"href":"https:\/\/familienhoerbuch.de\/en\/wp-json\/wp\/v2\/posts\/5467\/revisions\/15229"}],"wp:featuredmedia":[{"embeddable":true,"href":"https:\/\/familienhoerbuch.de\/en\/wp-json\/wp\/v2\/media\/5468"}],"wp:attachment":[{"href":"https:\/\/familienhoerbuch.de\/en\/wp-json\/wp\/v2\/media?parent=5467"}],"wp:term":[{"taxonomy":"category","embeddable":true,"href":"https:\/\/familienhoerbuch.de\/en\/wp-json\/wp\/v2\/categories?post=5467"},{"taxonomy":"post_tag","embeddable":true,"href":"https:\/\/familienhoerbuch.de\/en\/wp-json\/wp\/v2\/tags?post=5467"}],"curies":[{"name":"wp","href":"https:\/\/api.w.org\/{rel}","templated":true}]}}