{"id":5435,"date":"2024-02-07T13:31:44","date_gmt":"2024-02-07T12:31:44","guid":{"rendered":"https:\/\/familienhoerbuch.de\/?p=5435"},"modified":"2026-04-28T16:09:08","modified_gmt":"2026-04-28T14:09:08","slug":"zu-gast-bei-weekly52","status":"publish","type":"post","link":"https:\/\/familienhoerbuch.de\/en\/zu-gast-bei-weekly52\/","title":{"rendered":"Zu Gast bei weekly52"},"content":{"rendered":"<p>Weekly52, das Podcast-Format mit Thomas F\u00fcngerlings, hatte Ende des Jahres 2023 das Familienh\u00f6rbuch als Gast angefragt. Die Projektkoordinatorin (Elisabeth Szwarc) hat diese Einladung gerne angenommen und gibt nun exklusive Einblicke in ihr Arbeitsfeld, das bisher von den Medien nur wenig beleuchtet wurde.<\/p>\n\n\n\n<p>Hintergrundwissen: Urspr\u00fcnglich ging es beim weekly52-Podcast um Fotografie und Reisen. Mittlerweile wurde die T\u00fcr f\u00fcr weitere spannende Themenfelder ge\u00f6ffnet.<\/p>\n\n\n\n<p><a href=\"https:\/\/open.spotify.com\/episode\/5wVv00MVmGQy2euV6Qv5Nf?go=1&amp;sp_cid=6fa6709b92608d8b26fbee8fc8dbbb70&amp;utm_source=embed_player_p&amp;utm_medium=desktop&amp;nd=1&amp;dlsi=aa99e4f4ce70403c\">Jetzt reinh\u00f6ren<\/a><\/p>","protected":false},"excerpt":{"rendered":"<p>Weekly52, das Podcast-Format mit Thomas F\u00fcngerlings, hatte Ende des Jahres 2023 das Familienh\u00f6rbuch als Gast angefragt. Die Projektkoordinatorin (Elisabeth Szwarc) hat diese Einladung gerne angenommen und gibt nun exklusive Einblicke in ihr Arbeitsfeld, das bisher von den Medien nur wenig beleuchtet wurde. Hintergrundwissen: Urspr\u00fcnglich ging es beim weekly52-Podcast um Fotografie und Reisen. Mittlerweile wurde die [&hellip;]<\/p>","protected":false},"author":3,"featured_media":5432,"comment_status":"closed","ping_status":"open","sticky":false,"template":"","format":"standard","meta":{"_acf_changed":false,"footnotes":""},"categories":[13,114],"tags":[34],"class_list":["post-5435","post","type-post","status-publish","format-standard","has-post-thumbnail","hentry","category-archiv","category-podcast","tag-podcast"],"acf":[],"_links":{"self":[{"href":"https:\/\/familienhoerbuch.de\/en\/wp-json\/wp\/v2\/posts\/5435","targetHints":{"allow":["GET"]}}],"collection":[{"href":"https:\/\/familienhoerbuch.de\/en\/wp-json\/wp\/v2\/posts"}],"about":[{"href":"https:\/\/familienhoerbuch.de\/en\/wp-json\/wp\/v2\/types\/post"}],"author":[{"embeddable":true,"href":"https:\/\/familienhoerbuch.de\/en\/wp-json\/wp\/v2\/users\/3"}],"replies":[{"embeddable":true,"href":"https:\/\/familienhoerbuch.de\/en\/wp-json\/wp\/v2\/comments?post=5435"}],"version-history":[{"count":1,"href":"https:\/\/familienhoerbuch.de\/en\/wp-json\/wp\/v2\/posts\/5435\/revisions"}],"predecessor-version":[{"id":15230,"href":"https:\/\/familienhoerbuch.de\/en\/wp-json\/wp\/v2\/posts\/5435\/revisions\/15230"}],"wp:featuredmedia":[{"embeddable":true,"href":"https:\/\/familienhoerbuch.de\/en\/wp-json\/wp\/v2\/media\/5432"}],"wp:attachment":[{"href":"https:\/\/familienhoerbuch.de\/en\/wp-json\/wp\/v2\/media?parent=5435"}],"wp:term":[{"taxonomy":"category","embeddable":true,"href":"https:\/\/familienhoerbuch.de\/en\/wp-json\/wp\/v2\/categories?post=5435"},{"taxonomy":"post_tag","embeddable":true,"href":"https:\/\/familienhoerbuch.de\/en\/wp-json\/wp\/v2\/tags?post=5435"}],"curies":[{"name":"wp","href":"https:\/\/api.w.org\/{rel}","templated":true}]}}