{"id":5397,"date":"2024-02-01T11:14:38","date_gmt":"2024-02-01T10:14:38","guid":{"rendered":"https:\/\/familienhoerbuch.de\/?p=5397"},"modified":"2026-04-28T16:09:08","modified_gmt":"2026-04-28T14:09:08","slug":"schauspieler-startet-spendenaktion","status":"publish","type":"post","link":"https:\/\/familienhoerbuch.de\/en\/schauspieler-startet-spendenaktion\/","title":{"rendered":"Schauspieler startet Spendenaktion"},"content":{"rendered":"<p>Thomas Balou Martin kennt das Familienh\u00f6rbuch seit mehreren Jahren und engagiert sich nun als Botschafter, denn er wei\u00df aus eigener Erfahrung, wie sehr einem Kind die Stimme von Mama oder Papa fehlen kann. Am 30. Januar startete der bekannte Schauspieler, Synchron- und H\u00f6rbuchsprecher eine Spendenaktion unter dem Motto: \u201eMedienschaffende engagieren sich, damit die Stimme bleibt\u201c. Die Kampagne ist auf sechs Monate angelegt und weitere Schauspielkolleg:innen und Filmschaffende sind bereits mit an Bord. Das ambitionierte Ziel: 100.000 Euro.<\/p>\n\n\n\n<p>Mit diesem Spendenbetrag soll gew\u00e4hrleistet werden, dass das Team der hohen Zahl an Anfragen von betroffenen Eltern aktiv begegnen kann, eine zuk\u00fcnftige Begleitforschung mit besonderem Blick auf die Auswirkungen in Bezug auf die Kinder und Jugendlichen realisiert wird und auch die bisher rein ehrenamtlichen psychoonkologischen Expert:innen fest ins Kernteam verankert werden. In der Gr\u00f6\u00dfenordnung, in der sich die Familienh\u00f6rbuch gGmbH mittlerweile bewegt, mit an die 170 H\u00f6rb\u00fcchern im Jahr, braucht das Sozialunternehmen feste Mitarbeitende und eine sichere Rahmenstruktur.<\/p>\n\n\n\n<p><a href=\"https:\/\/www.betterplace.org\/de\/fundraising-events\/46189-die-stimme-bleibt-das-familienhoerbuch\">Zur Spendenaktion<\/a><\/p>\n\n\n\n<p><\/p>","protected":false},"excerpt":{"rendered":"<p>Thomas Balou Martin kennt das Familienh\u00f6rbuch seit mehreren Jahren und engagiert sich nun als Botschafter, denn er wei\u00df aus eigener Erfahrung, wie sehr einem Kind die Stimme von Mama oder Papa fehlen kann. Am 30. Januar startete der bekannte Schauspieler, Synchron- und H\u00f6rbuchsprecher eine Spendenaktion unter dem Motto: \u201eMedienschaffende engagieren sich, damit die Stimme bleibt\u201c. [&hellip;]<\/p>","protected":false},"author":3,"featured_media":5401,"comment_status":"closed","ping_status":"open","sticky":false,"template":"","format":"standard","meta":{"_acf_changed":false,"footnotes":""},"categories":[13,115],"tags":[164,165,63],"class_list":["post-5397","post","type-post","status-publish","format-standard","has-post-thumbnail","hentry","category-archiv","category-spenden","tag-balou-martin","tag-schauspieler","tag-spenden"],"acf":[],"_links":{"self":[{"href":"https:\/\/familienhoerbuch.de\/en\/wp-json\/wp\/v2\/posts\/5397","targetHints":{"allow":["GET"]}}],"collection":[{"href":"https:\/\/familienhoerbuch.de\/en\/wp-json\/wp\/v2\/posts"}],"about":[{"href":"https:\/\/familienhoerbuch.de\/en\/wp-json\/wp\/v2\/types\/post"}],"author":[{"embeddable":true,"href":"https:\/\/familienhoerbuch.de\/en\/wp-json\/wp\/v2\/users\/3"}],"replies":[{"embeddable":true,"href":"https:\/\/familienhoerbuch.de\/en\/wp-json\/wp\/v2\/comments?post=5397"}],"version-history":[{"count":1,"href":"https:\/\/familienhoerbuch.de\/en\/wp-json\/wp\/v2\/posts\/5397\/revisions"}],"predecessor-version":[{"id":15231,"href":"https:\/\/familienhoerbuch.de\/en\/wp-json\/wp\/v2\/posts\/5397\/revisions\/15231"}],"wp:featuredmedia":[{"embeddable":true,"href":"https:\/\/familienhoerbuch.de\/en\/wp-json\/wp\/v2\/media\/5401"}],"wp:attachment":[{"href":"https:\/\/familienhoerbuch.de\/en\/wp-json\/wp\/v2\/media?parent=5397"}],"wp:term":[{"taxonomy":"category","embeddable":true,"href":"https:\/\/familienhoerbuch.de\/en\/wp-json\/wp\/v2\/categories?post=5397"},{"taxonomy":"post_tag","embeddable":true,"href":"https:\/\/familienhoerbuch.de\/en\/wp-json\/wp\/v2\/tags?post=5397"}],"curies":[{"name":"wp","href":"https:\/\/api.w.org\/{rel}","templated":true}]}}