{"id":5394,"date":"2024-02-01T10:43:53","date_gmt":"2024-02-01T09:43:53","guid":{"rendered":"https:\/\/familienhoerbuch.de\/?p=5394"},"modified":"2026-04-28T16:09:08","modified_gmt":"2026-04-28T14:09:08","slug":"bwv-rheinland-spendet","status":"publish","type":"post","link":"https:\/\/familienhoerbuch.de\/en\/bwv-rheinland-spendet\/","title":{"rendered":"BWV Rheinland spendet"},"content":{"rendered":"<p>Der BWV Bildungsverband steht f\u00fcr  ein umfangreiches und flexibles Angebot im Bereich Aus- und Weiterbildung mit Schwerpunkt Versicherungswirtschaft. Zus\u00e4tzlich engagiert er sich f\u00fcr den guten Zweck und unterst\u00fctzt tolle Projekte. Das Familienh\u00f6rbuch wurde mit einer Weihnachtsspende in H\u00f6he von 595 Euro \u00fcberrascht. Die Rheinl\u00e4nder tragen so ein St\u00fcck mit dazu bei, dass Familien mit einem schwer erkrankten Elternteil die Chance erhalten, ins Familienh\u00f6rbuch-Projekt aufgenommen zu werden. <\/p>\n\n\n\n<p><\/p>","protected":false},"excerpt":{"rendered":"<p>Der BWV Bildungsverband steht f\u00fcr ein umfangreiches und flexibles Angebot im Bereich Aus- und Weiterbildung mit Schwerpunkt Versicherungswirtschaft. Zus\u00e4tzlich engagiert er sich f\u00fcr den guten Zweck und unterst\u00fctzt tolle Projekte. Das Familienh\u00f6rbuch wurde mit einer Weihnachtsspende in H\u00f6he von 595 Euro \u00fcberrascht. Die Rheinl\u00e4nder tragen so ein St\u00fcck mit dazu bei, dass Familien mit einem [&hellip;]<\/p>","protected":false},"author":3,"featured_media":5395,"comment_status":"closed","ping_status":"open","sticky":false,"template":"","format":"standard","meta":{"_acf_changed":false,"footnotes":""},"categories":[13,115],"tags":[162,163],"class_list":["post-5394","post","type-post","status-publish","format-standard","has-post-thumbnail","hentry","category-archiv","category-spenden","tag-bwv","tag-rheinland"],"acf":[],"_links":{"self":[{"href":"https:\/\/familienhoerbuch.de\/en\/wp-json\/wp\/v2\/posts\/5394","targetHints":{"allow":["GET"]}}],"collection":[{"href":"https:\/\/familienhoerbuch.de\/en\/wp-json\/wp\/v2\/posts"}],"about":[{"href":"https:\/\/familienhoerbuch.de\/en\/wp-json\/wp\/v2\/types\/post"}],"author":[{"embeddable":true,"href":"https:\/\/familienhoerbuch.de\/en\/wp-json\/wp\/v2\/users\/3"}],"replies":[{"embeddable":true,"href":"https:\/\/familienhoerbuch.de\/en\/wp-json\/wp\/v2\/comments?post=5394"}],"version-history":[{"count":1,"href":"https:\/\/familienhoerbuch.de\/en\/wp-json\/wp\/v2\/posts\/5394\/revisions"}],"predecessor-version":[{"id":15232,"href":"https:\/\/familienhoerbuch.de\/en\/wp-json\/wp\/v2\/posts\/5394\/revisions\/15232"}],"wp:featuredmedia":[{"embeddable":true,"href":"https:\/\/familienhoerbuch.de\/en\/wp-json\/wp\/v2\/media\/5395"}],"wp:attachment":[{"href":"https:\/\/familienhoerbuch.de\/en\/wp-json\/wp\/v2\/media?parent=5394"}],"wp:term":[{"taxonomy":"category","embeddable":true,"href":"https:\/\/familienhoerbuch.de\/en\/wp-json\/wp\/v2\/categories?post=5394"},{"taxonomy":"post_tag","embeddable":true,"href":"https:\/\/familienhoerbuch.de\/en\/wp-json\/wp\/v2\/tags?post=5394"}],"curies":[{"name":"wp","href":"https:\/\/api.w.org\/{rel}","templated":true}]}}