{"id":5372,"date":"2024-01-24T11:04:27","date_gmt":"2024-01-24T10:04:27","guid":{"rendered":"https:\/\/familienhoerbuch.de\/?p=5372"},"modified":"2026-04-28T16:09:08","modified_gmt":"2026-04-28T14:09:08","slug":"gesangsensemble-parlar-cantando-unterstuetzt","status":"publish","type":"post","link":"https:\/\/familienhoerbuch.de\/en\/gesangsensemble-parlar-cantando-unterstuetzt\/","title":{"rendered":"Gesangsensemble parlar cantando unterst\u00fctzt"},"content":{"rendered":"<p>Ein Chor, bestehend aus L\u00fcdenscheider und&nbsp;L\u00fcdinghauser&nbsp;M\u00e4nnern und Frauen, spendete j\u00fcngst 2.500 Euro an das Familienh\u00f6rbuch.<\/p>\n\n\n\n<p>Die rund 40 S\u00e4ngerinnen und S\u00e4nger von parlar cantando bringen Vokalmusik zu Geh\u00f6r und setzen sie sich allj\u00e4hrlich im Rahmen des \u201eQuempassingens\u201c \u2013 einem adventlichen Mitsingkonzert&nbsp;&#8211; mit einer Spendenaktion zugunsten eines sozialen Projekts f\u00fcr die Gesellschaft ein. 2023 fiel die Wahl auf das Familienh\u00f6rbuch-Projekt. Britta Tenberge, die aus eigener Erfahrung wei\u00df, wie es ist die Lebensgeschichte f\u00fcr das eigene Kind einzusprechen, nahm im Auftrag des Familienh\u00f6rbuchs den gesammelten Betrag in H\u00f6he von 2.000 Euro entgegen. Der Chor stockte die Summe selbst nochmal um 500 Euro auf. Tenbergewar im Rahmen der Chorprobe am 20.01.2024 vor Ort, beantwortete Fragen zum Projekt und bedankte sich im Namen des Sozialunternehmens f\u00fcr diese gro\u00dfherzige Unterst\u00fctzung.<\/p>","protected":false},"excerpt":{"rendered":"<p>Ein Chor, bestehend aus L\u00fcdenscheider und&nbsp;L\u00fcdinghauser&nbsp;M\u00e4nnern und Frauen, spendete j\u00fcngst 2.500 Euro an das Familienh\u00f6rbuch. Die rund 40 S\u00e4ngerinnen und S\u00e4nger von parlar cantando bringen Vokalmusik zu Geh\u00f6r und setzen sie sich allj\u00e4hrlich im Rahmen des \u201eQuempassingens\u201c \u2013 einem adventlichen Mitsingkonzert&nbsp;&#8211; mit einer Spendenaktion zugunsten eines sozialen Projekts f\u00fcr die Gesellschaft ein. 2023 fiel die [&hellip;]<\/p>","protected":false},"author":3,"featured_media":5373,"comment_status":"closed","ping_status":"open","sticky":false,"template":"","format":"standard","meta":{"_acf_changed":false,"footnotes":""},"categories":[13,115],"tags":[],"class_list":["post-5372","post","type-post","status-publish","format-standard","has-post-thumbnail","hentry","category-archiv","category-spenden"],"acf":[],"_links":{"self":[{"href":"https:\/\/familienhoerbuch.de\/en\/wp-json\/wp\/v2\/posts\/5372","targetHints":{"allow":["GET"]}}],"collection":[{"href":"https:\/\/familienhoerbuch.de\/en\/wp-json\/wp\/v2\/posts"}],"about":[{"href":"https:\/\/familienhoerbuch.de\/en\/wp-json\/wp\/v2\/types\/post"}],"author":[{"embeddable":true,"href":"https:\/\/familienhoerbuch.de\/en\/wp-json\/wp\/v2\/users\/3"}],"replies":[{"embeddable":true,"href":"https:\/\/familienhoerbuch.de\/en\/wp-json\/wp\/v2\/comments?post=5372"}],"version-history":[{"count":1,"href":"https:\/\/familienhoerbuch.de\/en\/wp-json\/wp\/v2\/posts\/5372\/revisions"}],"predecessor-version":[{"id":15235,"href":"https:\/\/familienhoerbuch.de\/en\/wp-json\/wp\/v2\/posts\/5372\/revisions\/15235"}],"wp:featuredmedia":[{"embeddable":true,"href":"https:\/\/familienhoerbuch.de\/en\/wp-json\/wp\/v2\/media\/5373"}],"wp:attachment":[{"href":"https:\/\/familienhoerbuch.de\/en\/wp-json\/wp\/v2\/media?parent=5372"}],"wp:term":[{"taxonomy":"category","embeddable":true,"href":"https:\/\/familienhoerbuch.de\/en\/wp-json\/wp\/v2\/categories?post=5372"},{"taxonomy":"post_tag","embeddable":true,"href":"https:\/\/familienhoerbuch.de\/en\/wp-json\/wp\/v2\/tags?post=5372"}],"curies":[{"name":"wp","href":"https:\/\/api.w.org\/{rel}","templated":true}]}}