{"id":5352,"date":"2024-01-17T11:46:45","date_gmt":"2024-01-17T10:46:45","guid":{"rendered":"https:\/\/familienhoerbuch.de\/?p=5352"},"modified":"2026-04-28T16:09:08","modified_gmt":"2026-04-28T14:09:08","slug":"nominierung-fairness-first-award","status":"publish","type":"post","link":"https:\/\/familienhoerbuch.de\/en\/nominierung-fairness-first-award\/","title":{"rendered":"Nominierung Fairness First Award"},"content":{"rendered":"<p>Das DUP UNTERNEHMER-Magazin und das Deutsche Innovationsinstitut f\u00fcr Nachhaltigkeit und Digitalisierung verleihen unter anderem den Fairness First Award. Es ist eine Auszeichnung, die verantwortungsvolles und transparentes Handeln gegen\u00fcber Mitarbeitenden und Gesch\u00e4ftspartnern wertsch\u00e4tzt. In diesem Jahr wurde das Familienh\u00f6rbuch daf\u00fcr nominiert.<\/p>\n\n\n\n<p><a href=\"https:\/\/fairnessfirst.de\/\" target=\"_blank\" rel=\"noreferrer noopener\">Mehr Informationen<\/a><\/p>","protected":false},"excerpt":{"rendered":"<p>Das DUP UNTERNEHMER-Magazin und das Deutsche Innovationsinstitut f\u00fcr Nachhaltigkeit und Digitalisierung verleihen unter anderem den Fairness First Award. Es ist eine Auszeichnung, die verantwortungsvolles und transparentes Handeln gegen\u00fcber Mitarbeitenden und Gesch\u00e4ftspartnern wertsch\u00e4tzt. In diesem Jahr wurde das Familienh\u00f6rbuch daf\u00fcr nominiert. Mehr Informationen<\/p>","protected":false},"author":3,"featured_media":5353,"comment_status":"closed","ping_status":"open","sticky":false,"template":"","format":"standard","meta":{"_acf_changed":false,"footnotes":""},"categories":[13,207],"tags":[],"class_list":["post-5352","post","type-post","status-publish","format-standard","has-post-thumbnail","hentry","category-archiv","category-nominierungen-auszeichnungen"],"acf":[],"_links":{"self":[{"href":"https:\/\/familienhoerbuch.de\/en\/wp-json\/wp\/v2\/posts\/5352","targetHints":{"allow":["GET"]}}],"collection":[{"href":"https:\/\/familienhoerbuch.de\/en\/wp-json\/wp\/v2\/posts"}],"about":[{"href":"https:\/\/familienhoerbuch.de\/en\/wp-json\/wp\/v2\/types\/post"}],"author":[{"embeddable":true,"href":"https:\/\/familienhoerbuch.de\/en\/wp-json\/wp\/v2\/users\/3"}],"replies":[{"embeddable":true,"href":"https:\/\/familienhoerbuch.de\/en\/wp-json\/wp\/v2\/comments?post=5352"}],"version-history":[{"count":1,"href":"https:\/\/familienhoerbuch.de\/en\/wp-json\/wp\/v2\/posts\/5352\/revisions"}],"predecessor-version":[{"id":15239,"href":"https:\/\/familienhoerbuch.de\/en\/wp-json\/wp\/v2\/posts\/5352\/revisions\/15239"}],"wp:featuredmedia":[{"embeddable":true,"href":"https:\/\/familienhoerbuch.de\/en\/wp-json\/wp\/v2\/media\/5353"}],"wp:attachment":[{"href":"https:\/\/familienhoerbuch.de\/en\/wp-json\/wp\/v2\/media?parent=5352"}],"wp:term":[{"taxonomy":"category","embeddable":true,"href":"https:\/\/familienhoerbuch.de\/en\/wp-json\/wp\/v2\/categories?post=5352"},{"taxonomy":"post_tag","embeddable":true,"href":"https:\/\/familienhoerbuch.de\/en\/wp-json\/wp\/v2\/tags?post=5352"}],"curies":[{"name":"wp","href":"https:\/\/api.w.org\/{rel}","templated":true}]}}